{
    "id": "https://www.memoriademadrid.es/iiif/manifest/473905",
    "@context": "http://iiif.io/api/presentation/3/context.json",
    "type": "Manifest",
    "label": {
        "es": [
            "L\u00b4Oeuvre Saint-Louis Des Fran\u00e7ais."
        ]
    },
    "summary": {
        "es": [
            "C/ Tres Cruces, 12\r\nDistrito: Centro\r\nColocada en el a\u00f1o  2005\r\nEditor: Ayuntamiento de Madrid"
        ]
    },
    "homepage": [
        {
            "id": "https://www.memoriademadrid.es/view/473905",
            "type": "Text",
            "label": {
                "es": [
                    "Home Page"
                ]
            },
            "format": "text/html"
        }
    ],
    "behavior": [
        "continuous"
    ],
    "thumbnail": [
        {
            "id": "https://www.memoriademadrid.es/thumbnail/473905",
            "type": "Image",
            "format": "image/jpeg",
            "width": 1024,
            "height": 976
        }
    ],
    "metadata": [
        {
            "label": {
                "es": [
                    "Tipo de recurso"
                ]
            },
            "value": {
                "es": [
                    "IMAGE"
                ]
            }
        },
        {
            "label": {
                "es": [
                    "OpenAccess Log"
                ]
            },
            "value": {
                "es": [
                    "Updated in OpenAccess at 2025.04.07 01:38:28"
                ]
            }
        },
        {
            "label": {
                "es": [
                    "OpenAccess Colecci\u00f3n"
                ]
            },
            "value": {
                "es": [
                    "364478"
                ]
            }
        },
        {
            "label": {
                "es": [
                    "OpenAccess Enlace"
                ]
            },
            "value": {
                "es": [
                    "https://www.memoriademadrid.es/view/473905"
                ]
            }
        },
        {
            "label": {
                "es": [
                    "OpenAccess Perfil"
                ]
            },
            "value": {
                "es": [
                    "Imagen"
                ]
            }
        },
        {
            "label": {
                "es": [
                    "OpenAccess ID Esquema de Metadatos"
                ]
            },
            "value": {
                "es": [
                    "4"
                ]
            }
        },
        {
            "label": {
                "es": [
                    "OpenAccess Nombre"
                ]
            },
            "value": {
                "es": [
                    "L\u00b4Oeuvre Saint-Louis Des Fran\u00e7ais."
                ]
            }
        },
        {
            "label": {
                "es": [
                    "ImportadoDesde"
                ]
            },
            "value": {
                "es": [
                    "Vargas"
                ]
            }
        },
        {
            "label": {
                "es": [
                    "Objeto master"
                ]
            },
            "value": {
                "es": [
                    "No existen coincidencias"
                ]
            }
        },
        {
            "label": {
                "es": [
                    "A\u00f1o Publicaci\u00f3n"
                ]
            },
            "value": {
                "es": [
                    "2005"
                ]
            }
        },
        {
            "label": {
                "es": [
                    "Notas (privadas)"
                ]
            },
            "value": {
                "es": [
                    "Visto Antonio"
                ]
            }
        },
        {
            "label": {
                "es": [
                    "OpenAccess Estado"
                ]
            },
            "value": {
                "es": [
                    "PUBLISH"
                ]
            }
        },
        {
            "label": {
                "es": [
                    "edm:object"
                ]
            },
            "value": {
                "es": [
                    "https://www.memoriademadrid.es/thumbnail/473905"
                ]
            }
        },
        {
            "label": {
                "es": [
                    "Formato"
                ]
            },
            "value": {
                "es": [
                    "image/jpeg"
                ]
            }
        },
        {
            "label": {
                "es": [
                    "Editor"
                ]
            },
            "value": {
                "es": [
                    "Ayuntamiento de Madrid"
                ]
            }
        },
        {
            "label": {
                "es": [
                    "Latitud/Longitud WGS 84"
                ]
            },
            "value": {
                "es": [
                    "40.419605,-3.702586"
                ]
            }
        },
        {
            "label": {
                "es": [
                    "edm:isShownBy"
                ]
            },
            "value": {
                "es": [
                    "https://www.memoriademadrid.es/viewer/473905"
                ]
            }
        },
        {
            "label": {
                "es": [
                    "Idioma"
                ]
            },
            "value": {
                "es": [
                    "spa"
                ]
            }
        },
        {
            "label": {
                "es": [
                    "Clase de Patrimonio"
                ]
            },
            "value": {
                "es": [
                    "Patrimonio Urbano"
                ]
            }
        },
        {
            "label": {
                "es": [
                    "Instituci\u00f3n"
                ]
            },
            "value": {
                "es": [
                    "Patrimonio urbano"
                ]
            }
        },
        {
            "label": {
                "es": [
                    "ID Vargas"
                ]
            },
            "value": {
                "es": [
                    "58252"
                ]
            }
        },
        {
            "label": {
                "es": [
                    "T\u00edtulo"
                ]
            },
            "value": {
                "es": [
                    "L\u00b4Oeuvre Saint-Louis Des Fran\u00e7ais."
                ]
            }
        },
        {
            "label": {
                "es": [
                    "Fecha de creaci\u00f3n Matiz"
                ]
            },
            "value": {
                "es": [
                    "2005"
                ]
            }
        },
        {
            "label": {
                "es": [
                    "Fecha del registro"
                ]
            },
            "value": {
                "es": [
                    "2013-08-29"
                ]
            }
        },
        {
            "label": {
                "es": [
                    "Fecha de creaci\u00f3n inicial"
                ]
            },
            "value": {
                "es": [
                    "2005-01-01"
                ]
            }
        },
        {
            "label": {
                "es": [
                    "Lugar"
                ]
            },
            "value": {
                "es": [
                    "Madrid"
                ]
            }
        },
        {
            "label": {
                "es": [
                    "Descripci\u00f3n"
                ]
            },
            "value": {
                "es": [
                    "C/ Tres Cruces, 12\r\nDistrito: Centro\r\nColocada en el a\u00f1o  2005\r\nEditor: Ayuntamiento de Madrid"
                ]
            }
        },
        {
            "label": {
                "es": [
                    "Tipo de documento"
                ]
            },
            "value": {
                "es": [
                    "Placas conmemorativas"
                ]
            }
        },
        {
            "label": {
                "es": [
                    "Signatura"
                ]
            },
            "value": {
                "es": [
                    "s/sig"
                ]
            }
        },
        {
            "label": {
                "es": [
                    "Materia"
                ]
            },
            "value": {
                "es": [
                    "Lugares emblem\u00e1ticos"
                ]
            }
        },
        {
            "label": {
                "es": [
                    "Comentarios (p\u00fablico)"
                ]
            },
            "value": {
                "es": [
                    "En este lugar se fundaron en 1617 el hospital y la iglesia pontificia de L\u00b4OEUVRE SAINT-LOUIS DES FRAN\u00c7AIS y en \u00e9l tuvo la sede su colegio de 1856 a 1967. \r\n\r\nSe quiere recordar en este lugar a la sede hist\u00f3rica de una instituci\u00f3n que permanece en Madrid desde 1613 y que, con sus adecuaciones necesarias, pertenece a la vida de la ciudad.\r\n\r\nEl can\u00f3nigo franc\u00e9s Henry de Saureulx, que se hab\u00eda refugiado en Madrid al subir al trono Henry IV, fund\u00f3 la Obra de San Luis de los Franceses en 1613 en la calle de Jacometrezo. En 1917, el rey Felipe III le cedi\u00f3 unos terrenos en la calle de las Tres Cruces, donde se construy\u00f3 una peque\u00f1a capilla y una enfermer\u00eda de seis camas para atender a los franceses de pocos recursos de paso en la Capital y que lleg\u00f3 a ser el Hospital San Luis, Rey de Francia \r\n\r\nCon la protecci\u00f3n de Isabel de Borb\u00f3n, esposa de Felipe IV, se cre\u00f3 una iglesia Real y Pontificia.\r\nEn 1880 el hospital se traslad\u00f3 a Claudio Coello, 32, que hoy es una residencia de mayores de la obra.\r\nLa Iglesia se traslad\u00f3 en 1972 a la calle Lagasca, 84, parroquia a la que acuden los franceses de su colonia en Madrid.\r\n\r\nEl Colegio se fund\u00f3 en Tres Cruces en 1856 para subvencionar el hospital. Estuvo al cargo de las Siervas de Mar\u00eda, luego de las Siervas de la Caridad y, hoy d\u00eda, de los miembros del Instituto N\u00f4tre D\u00e0me de Vie de Venasque, en Avignon.\r\n\r\nEl 1967 el Colegio se traslad\u00f3 a Pozuelo de Alarc\u00f3n, donde sigue su funci\u00f3n educativa, religiosa y ling\u00fc\u00edstica."
                ]
            }
        },
        {
            "label": {
                "es": [
                    "URL Cat\u00e1logo"
                ]
            },
            "value": {
                "es": [
                    "http://especiales.memoriademadrid.es/index/verficha/idpk/58252/id/8/obj/A/idag/25"
                ]
            }
        },
        {
            "label": {
                "es": [
                    "Derechos"
                ]
            },
            "value": {
                "es": [
                    "http://creativecommons.org/licenses/by-nc/4.0/"
                ]
            }
        },
        {
            "label": {
                "es": [
                    "Enlace Externo"
                ]
            },
            "value": {
                "es": [
                    "<a href='http://especiales.memoriademadrid.es/index/verficha/idpk/58252/id/8/obj/A/idag/25'>Ver en el cat\u00e1logo</a>"
                ]
            }
        }
    ],
    "items": [
        {
            "id": "https://www.memoriademadrid.es/iiif/473905/canvas/p1",
            "type": "Canvas",
            "label": {
                "es": [
                    1
                ]
            },
            "width": 839,
            "height": 800,
            "thumbnail": [
                {
                    "id": "https://www.memoriademadrid.es/iiif/3/1049468/full/^500,/0/default.jpg",
                    "type": "Image",
                    "format": "image/jpeg",
                    "width": 500,
                    "height": 477,
                    "services": [
                        {
                            "id": "https://www.memoriademadrid.es/iiif/3/1049468",
                            "profile": "http://iiif.io/api/image/3/level1.json",
                            "@type": "http://iiif.io/api/image/3/context.json"
                        }
                    ]
                }
            ],
            "items": [
                {
                    "id": "https://www.memoriademadrid.es/iiif/3/1049468",
                    "type": "AnnotationPage",
                    "items": [
                        {
                            "id": "https://www.memoriademadrid.es/iiif/3/1049468",
                            "type": "Annotation",
                            "motivation": "painting",
                            "target": "https://www.memoriademadrid.es/iiif/3/1049468",
                            "body": {
                                "id": "https://www.memoriademadrid.es/iiif/3/1049468/full/^839,/0/default.jpg",
                                "type": "Image",
                                "format": "image/jpeg",
                                "width": 839,
                                "height": 800,
                                "service": [
                                    {
                                        "id": "https://www.memoriademadrid.es/iiif/2/1049468",
                                        "profile": "http://iiif.io/api/image/2/level2.json",
                                        "type": "ImageService2"
                                    }
                                ]
                            }
                        }
                    ]
                }
            ]
        }
    ],
    "structures": []
}