{
    "id": "https://www.memoriademadrid.es/iiif/manifest/473917",
    "@context": "http://iiif.io/api/presentation/3/context.json",
    "type": "Manifest",
    "label": {
        "es": [
            "Gabriela Mistral"
        ]
    },
    "summary": {
        "es": [
            "Avda. de Men\u00e9ndez y Pelayo, 11\r\nDistrito: Retiro\r\nColocada en el a\u00f1o  2006\r\nEditor: Ayuntamiento de Madrid"
        ]
    },
    "homepage": [
        {
            "id": "https://www.memoriademadrid.es/view/473917",
            "type": "Text",
            "label": {
                "es": [
                    "Home Page"
                ]
            },
            "format": "text/html"
        }
    ],
    "behavior": [
        "continuous"
    ],
    "thumbnail": [
        {
            "id": "https://www.memoriademadrid.es/thumbnail/473917",
            "type": "Image",
            "format": "image/jpeg",
            "width": 1024,
            "height": 953
        }
    ],
    "metadata": [
        {
            "label": {
                "es": [
                    "Tipo de recurso"
                ]
            },
            "value": {
                "es": [
                    "IMAGE"
                ]
            }
        },
        {
            "label": {
                "es": [
                    "OpenAccess Log"
                ]
            },
            "value": {
                "es": [
                    "Updated in OpenAccess at 2025.04.07 01:39:36"
                ]
            }
        },
        {
            "label": {
                "es": [
                    "OpenAccess Colecci\u00f3n"
                ]
            },
            "value": {
                "es": [
                    "364478"
                ]
            }
        },
        {
            "label": {
                "es": [
                    "OpenAccess Enlace"
                ]
            },
            "value": {
                "es": [
                    "https://www.memoriademadrid.es/view/473917"
                ]
            }
        },
        {
            "label": {
                "es": [
                    "OpenAccess Perfil"
                ]
            },
            "value": {
                "es": [
                    "Imagen"
                ]
            }
        },
        {
            "label": {
                "es": [
                    "OpenAccess ID Esquema de Metadatos"
                ]
            },
            "value": {
                "es": [
                    "4"
                ]
            }
        },
        {
            "label": {
                "es": [
                    "OpenAccess Nombre"
                ]
            },
            "value": {
                "es": [
                    "Gabriela Mistral"
                ]
            }
        },
        {
            "label": {
                "es": [
                    "ImportadoDesde"
                ]
            },
            "value": {
                "es": [
                    "Vargas"
                ]
            }
        },
        {
            "label": {
                "es": [
                    "Objeto master"
                ]
            },
            "value": {
                "es": [
                    "No existen coincidencias"
                ]
            }
        },
        {
            "label": {
                "es": [
                    "A\u00f1o Publicaci\u00f3n"
                ]
            },
            "value": {
                "es": [
                    "2006"
                ]
            }
        },
        {
            "label": {
                "es": [
                    "Notas (privadas)"
                ]
            },
            "value": {
                "es": [
                    "Mujeres c\u00e9lebres\r\nPaisaje de la Luz. Placas conmemorativas."
                ]
            }
        },
        {
            "label": {
                "es": [
                    "OpenAccess Estado"
                ]
            },
            "value": {
                "es": [
                    "PUBLISH"
                ]
            }
        },
        {
            "label": {
                "es": [
                    "edm:object"
                ]
            },
            "value": {
                "es": [
                    "https://www.memoriademadrid.es/thumbnail/473917"
                ]
            }
        },
        {
            "label": {
                "es": [
                    "Formato"
                ]
            },
            "value": {
                "es": [
                    "image/jpeg"
                ]
            }
        },
        {
            "label": {
                "es": [
                    "Editor"
                ]
            },
            "value": {
                "es": [
                    "Ayuntamiento de Madrid"
                ]
            }
        },
        {
            "label": {
                "es": [
                    "Latitud/Longitud WGS 84"
                ]
            },
            "value": {
                "es": [
                    "40.42079,-3.67948"
                ]
            }
        },
        {
            "label": {
                "es": [
                    "edm:isShownBy"
                ]
            },
            "value": {
                "es": [
                    "https://www.memoriademadrid.es/viewer/473917"
                ]
            }
        },
        {
            "label": {
                "es": [
                    "Idioma"
                ]
            },
            "value": {
                "es": [
                    "spa"
                ]
            }
        },
        {
            "label": {
                "es": [
                    "Clase de Patrimonio"
                ]
            },
            "value": {
                "es": [
                    "Patrimonio Urbano"
                ]
            }
        },
        {
            "label": {
                "es": [
                    "Instituci\u00f3n"
                ]
            },
            "value": {
                "es": [
                    "Patrimonio urbano"
                ]
            }
        },
        {
            "label": {
                "es": [
                    "ID Vargas"
                ]
            },
            "value": {
                "es": [
                    "58258"
                ]
            }
        },
        {
            "label": {
                "es": [
                    "T\u00edtulo"
                ]
            },
            "value": {
                "es": [
                    "Gabriela Mistral"
                ]
            }
        },
        {
            "label": {
                "es": [
                    "Fecha de creaci\u00f3n Matiz"
                ]
            },
            "value": {
                "es": [
                    "2006"
                ]
            }
        },
        {
            "label": {
                "es": [
                    "Fecha del registro"
                ]
            },
            "value": {
                "es": [
                    "2013-08-29"
                ]
            }
        },
        {
            "label": {
                "es": [
                    "Fecha de creaci\u00f3n inicial"
                ]
            },
            "value": {
                "es": [
                    "2006-01-01"
                ]
            }
        },
        {
            "label": {
                "es": [
                    "Lugar"
                ]
            },
            "value": {
                "es": [
                    "Madrid"
                ]
            }
        },
        {
            "label": {
                "es": [
                    "Descripci\u00f3n"
                ]
            },
            "value": {
                "es": [
                    "Avda. de Men\u00e9ndez y Pelayo, 11\r\nDistrito: Retiro\r\nColocada en el a\u00f1o  2006\r\nEditor: Ayuntamiento de Madrid"
                ]
            }
        },
        {
            "label": {
                "es": [
                    "Tipo de documento"
                ]
            },
            "value": {
                "es": [
                    "Placas conmemorativas"
                ]
            }
        },
        {
            "label": {
                "es": [
                    "Signatura"
                ]
            },
            "value": {
                "es": [
                    "s/sig"
                ]
            }
        },
        {
            "label": {
                "es": [
                    "Materia"
                ]
            },
            "value": {
                "es": [
                    "Poetas",
                    "Escritores"
                ]
            }
        },
        {
            "label": {
                "es": [
                    "Comentarios (p\u00fablico)"
                ]
            },
            "value": {
                "es": [
                    "En este lugar estuvo la casa donde vivi\u00f3 y fue c\u00f3nsul de Chile de 1933 a 1935 GABRIELA MISTRAL, poeta, educadora y premio N\u00f3bel de literatura en 1945\r\n\r\n\u201c\u00a1Oh tardes con Gabriela Mistral, en la Avenida de Men\u00e9ndez y Pelayo\u2026 Veo a Gabriela en actitud hier\u00e1tica, majestuosa, inconfundible, rodeada de amigas, admiradores e intelectuales que de todas partes acud\u00edan a visitarla!\u201d, dec\u00eda la poeta chilena M\u00aa Emilia Valero.\r\n\r\nGabriela tom\u00f3 posesi\u00f3n como C\u00f3nsul de Chile en Espa\u00f1a en la primavera de 1933 y esta casa fue el consulado y su residencia personal. Se trataba del piso 2\u00ba A de un edificio que tir\u00f3 la guerra. Desde \u00e9l se ve\u00eda la entrada a El Retiro por la Puerta de Am\u00e9rica. Esta casa era oficina burocr\u00e1tica y envoltorio afectivo de los chilenos que viv\u00edan en Madrid. Dur\u00f3 dos a\u00f1os, hasta que Gabriela fue nombrada C\u00f3nsul Vitalicio en Lisboa.\r\n\r\nLa poeta chilena naci\u00f3 en Vicu\u00f1a, una peque\u00f1a localidad del centro norte de Chile, en 1889. Aunque su nombre real fue Lucila Godoy Alcayaga, adopt\u00f3 su seud\u00f3nimo inspirada en la obra de Gabriel D\u00b4Annunzio y Fr\u00e9deric Mistral. Su labor literaria comenz\u00f3 a reconocerse en 1914 al resultar ganadora de unos Juegos Florales. En 1922 fue publicada su primera obra y, desde entonces, viaj\u00f3 por numerosos pa\u00edses de Am\u00e9rica y Europa. Su vida literaria discurri\u00f3 paralelamente a sus actividades profesionales y diplom\u00e1ticas: sus primeros art\u00edculos publicados en el Peri\u00f3dico El Coquimbo y sus peoamrios \u201cTernura\u201d, \u201cDesolaci\u00f3n\u201d y \u201cNubes\u201d, entre otros. \r\n\r\nObtuvo el Premio Nobel de Literatura en 1945 como un justo reconocimiento no s\u00f3lo de su producci\u00f3n po\u00e9tica, sino de la labor literaria y social de una mujer que hab\u00eda dedicado su vida a la difusi\u00f3n de la cultura y a la lucha por la justicia social y los derechos humanos.\r\n\r\nFalleci\u00f3 en Nueva York en el a\u00f1o de 1957."
                ]
            }
        },
        {
            "label": {
                "es": [
                    "URL Cat\u00e1logo"
                ]
            },
            "value": {
                "es": [
                    "http://especiales.memoriademadrid.es/index/verficha/idpk/58258/id/8/obj/A/idag/25"
                ]
            }
        },
        {
            "label": {
                "es": [
                    "Derechos"
                ]
            },
            "value": {
                "es": [
                    "http://creativecommons.org/licenses/by-nc/4.0/"
                ]
            }
        },
        {
            "label": {
                "es": [
                    "Enlace Externo"
                ]
            },
            "value": {
                "es": [
                    "<a href='http://especiales.memoriademadrid.es/index/verficha/idpk/58258/id/8/obj/A/idag/25'>Ver en el cat\u00e1logo</a>"
                ]
            }
        }
    ],
    "items": [
        {
            "id": "https://www.memoriademadrid.es/iiif/473917/canvas/p1",
            "type": "Canvas",
            "label": {
                "es": [
                    1
                ]
            },
            "width": 860,
            "height": 800,
            "thumbnail": [
                {
                    "id": "https://www.memoriademadrid.es/iiif/3/1049486/full/^500,/0/default.jpg",
                    "type": "Image",
                    "format": "image/jpeg",
                    "width": 500,
                    "height": 465,
                    "services": [
                        {
                            "id": "https://www.memoriademadrid.es/iiif/3/1049486",
                            "profile": "http://iiif.io/api/image/3/level1.json",
                            "@type": "http://iiif.io/api/image/3/context.json"
                        }
                    ]
                }
            ],
            "items": [
                {
                    "id": "https://www.memoriademadrid.es/iiif/3/1049486",
                    "type": "AnnotationPage",
                    "items": [
                        {
                            "id": "https://www.memoriademadrid.es/iiif/3/1049486",
                            "type": "Annotation",
                            "motivation": "painting",
                            "target": "https://www.memoriademadrid.es/iiif/3/1049486",
                            "body": {
                                "id": "https://www.memoriademadrid.es/iiif/3/1049486/full/^860,/0/default.jpg",
                                "type": "Image",
                                "format": "image/jpeg",
                                "width": 860,
                                "height": 800,
                                "service": [
                                    {
                                        "id": "https://www.memoriademadrid.es/iiif/2/1049486",
                                        "profile": "http://iiif.io/api/image/2/level2.json",
                                        "type": "ImageService2"
                                    }
                                ]
                            }
                        }
                    ]
                }
            ]
        }
    ],
    "structures": []
}