{
    "id": "https://www.memoriademadrid.es/iiif/manifest/473981",
    "@context": "http://iiif.io/api/presentation/3/context.json",
    "type": "Manifest",
    "label": {
        "es": [
            "Asociaci\u00f3n Espa\u00f1ola de Cooperaci\u00f3n Europea"
        ]
    },
    "summary": {
        "es": [
            "C/ Gran V\u00eda, 43\r\nDistrito: Centro\r\nColocada en el a\u00f1o  2011\r\nEditor: Ayuntamiento de Madrid"
        ]
    },
    "homepage": [
        {
            "id": "https://www.memoriademadrid.es/view/473981",
            "type": "Text",
            "label": {
                "es": [
                    "Home Page"
                ]
            },
            "format": "text/html"
        }
    ],
    "behavior": [
        "continuous"
    ],
    "thumbnail": [
        {
            "id": "https://www.memoriademadrid.es/thumbnail/473981",
            "type": "Image",
            "format": "image/jpeg",
            "width": 1024,
            "height": 949
        }
    ],
    "metadata": [
        {
            "label": {
                "es": [
                    "Tipo de recurso"
                ]
            },
            "value": {
                "es": [
                    "IMAGE"
                ]
            }
        },
        {
            "label": {
                "es": [
                    "OpenAccess Log"
                ]
            },
            "value": {
                "es": [
                    "Updated in OpenAccess at 2025.04.07 01:45:49"
                ]
            }
        },
        {
            "label": {
                "es": [
                    "OpenAccess Colecci\u00f3n"
                ]
            },
            "value": {
                "es": [
                    "364478"
                ]
            }
        },
        {
            "label": {
                "es": [
                    "OpenAccess Enlace"
                ]
            },
            "value": {
                "es": [
                    "https://www.memoriademadrid.es/view/473981"
                ]
            }
        },
        {
            "label": {
                "es": [
                    "OpenAccess Perfil"
                ]
            },
            "value": {
                "es": [
                    "Imagen"
                ]
            }
        },
        {
            "label": {
                "es": [
                    "OpenAccess ID Esquema de Metadatos"
                ]
            },
            "value": {
                "es": [
                    "4"
                ]
            }
        },
        {
            "label": {
                "es": [
                    "OpenAccess Nombre"
                ]
            },
            "value": {
                "es": [
                    "Asociaci\u00f3n Espa\u00f1ola de Cooperaci\u00f3n Europea"
                ]
            }
        },
        {
            "label": {
                "es": [
                    "ImportadoDesde"
                ]
            },
            "value": {
                "es": [
                    "Vargas"
                ]
            }
        },
        {
            "label": {
                "es": [
                    "Objeto master"
                ]
            },
            "value": {
                "es": [
                    "No existen coincidencias"
                ]
            }
        },
        {
            "label": {
                "es": [
                    "A\u00f1o Publicaci\u00f3n"
                ]
            },
            "value": {
                "es": [
                    "2011"
                ]
            }
        },
        {
            "label": {
                "es": [
                    "Notas (privadas)"
                ]
            },
            "value": {
                "es": [
                    "Visto Antonio. Lugares con Historia"
                ]
            }
        },
        {
            "label": {
                "es": [
                    "OpenAccess Estado"
                ]
            },
            "value": {
                "es": [
                    "PUBLISH"
                ]
            }
        },
        {
            "label": {
                "es": [
                    "edm:object"
                ]
            },
            "value": {
                "es": [
                    "https://www.memoriademadrid.es/thumbnail/473981"
                ]
            }
        },
        {
            "label": {
                "es": [
                    "Formato"
                ]
            },
            "value": {
                "es": [
                    "image/jpeg"
                ]
            }
        },
        {
            "label": {
                "es": [
                    "Editor"
                ]
            },
            "value": {
                "es": [
                    "Ayuntamiento de Madrid"
                ]
            }
        },
        {
            "label": {
                "es": [
                    "Latitud/Longitud WGS 84"
                ]
            },
            "value": {
                "es": [
                    "40.420765,-3.706877"
                ]
            }
        },
        {
            "label": {
                "es": [
                    "edm:isShownBy"
                ]
            },
            "value": {
                "es": [
                    "https://www.memoriademadrid.es/viewer/473981"
                ]
            }
        },
        {
            "label": {
                "es": [
                    "Idioma"
                ]
            },
            "value": {
                "es": [
                    "spa"
                ]
            }
        },
        {
            "label": {
                "es": [
                    "Clase de Patrimonio"
                ]
            },
            "value": {
                "es": [
                    "Patrimonio Urbano"
                ]
            }
        },
        {
            "label": {
                "es": [
                    "Instituci\u00f3n"
                ]
            },
            "value": {
                "es": [
                    "Patrimonio urbano"
                ]
            }
        },
        {
            "label": {
                "es": [
                    "ID Vargas"
                ]
            },
            "value": {
                "es": [
                    "58292"
                ]
            }
        },
        {
            "label": {
                "es": [
                    "T\u00edtulo"
                ]
            },
            "value": {
                "es": [
                    "Asociaci\u00f3n Espa\u00f1ola de Cooperaci\u00f3n Europea"
                ]
            }
        },
        {
            "label": {
                "es": [
                    "Fecha de creaci\u00f3n Matiz"
                ]
            },
            "value": {
                "es": [
                    "2011"
                ]
            }
        },
        {
            "label": {
                "es": [
                    "Fecha del registro"
                ]
            },
            "value": {
                "es": [
                    "2013-08-29"
                ]
            }
        },
        {
            "label": {
                "es": [
                    "Fecha de creaci\u00f3n inicial"
                ]
            },
            "value": {
                "es": [
                    "2011-01-01"
                ]
            }
        },
        {
            "label": {
                "es": [
                    "Lugar"
                ]
            },
            "value": {
                "es": [
                    "Madrid"
                ]
            }
        },
        {
            "label": {
                "es": [
                    "Descripci\u00f3n"
                ]
            },
            "value": {
                "es": [
                    "C/ Gran V\u00eda, 43\r\nDistrito: Centro\r\nColocada en el a\u00f1o  2011\r\nEditor: Ayuntamiento de Madrid"
                ]
            }
        },
        {
            "label": {
                "es": [
                    "Tipo de documento"
                ]
            },
            "value": {
                "es": [
                    "Placas conmemorativas"
                ]
            }
        },
        {
            "label": {
                "es": [
                    "Signatura"
                ]
            },
            "value": {
                "es": [
                    "s/sig"
                ]
            }
        },
        {
            "label": {
                "es": [
                    "Materia"
                ]
            },
            "value": {
                "es": [
                    "Lugares emblem\u00e1ticos"
                ]
            }
        },
        {
            "label": {
                "es": [
                    "Comentarios (p\u00fablico)"
                ]
            },
            "value": {
                "es": [
                    "Aqu\u00ed se fund\u00f3 en 1954 la ASOCIACI\u00d3N ESPA\u00d1OLA DE COOPERACI\u00d3N EUROPEA desde 1978 sede del Consejo Federal Espa\u00f1ol del Movimiento Europeo origen del europe\u00edsmo espa\u00f1ol\r\n\r\nComo se explica en el texto de la placa, en esta casa se fund\u00f3, en 1954, la Asociaci\u00f3n Espa\u00f1ola de Cooperaci\u00f3n Europea y, desde 1978, fue sede del Consejo Federal Espa\u00f1ol del Movimiento Europeo. \r\n\r\nLa Asociaci\u00f3n Espa\u00f1ola de Cooperaci\u00f3n Europea fue fundada para desarrollar eventos culturales y actividades pol\u00edticas con el objeto de mostrar la necesidad de una Espa\u00f1a integrada en Europa. \r\n\r\nEn un principio dirigida por la ACN (Asociaci\u00f3n Nacional Cat\u00f3lica de Propagandistas), estaba integrada por democristianos, socialistas y mon\u00e1rquicos liberales. \r\n\r\nEl primer secretario general de esta entidad fue Fernando \u00c1lvarez de Miranda y su presidente, Jos\u00e9 Mar\u00eda Gil Robles.\r\n\r\nFormaron tambi\u00e9n parte de ella G\u00f3nzalez de la Mora, Alfonso Osorio y Francisco de Luis, entre otros. Se inscribe en el registro de asociaciones en 1975. Integrada dentro del Movimiento Europeo, organiza la I Semana Europe\u00edsta espa\u00f1ola en 1961 y participa en el Congreso de Munich en 1962.\r\n\r\nA partir de 1978 fue la sede del Consejo Federal Espa\u00f1ol del Movimiento Europeo."
                ]
            }
        },
        {
            "label": {
                "es": [
                    "URL Cat\u00e1logo"
                ]
            },
            "value": {
                "es": [
                    "http://especiales.memoriademadrid.es/index/verficha/idpk/58292/id/8/obj/A/idag/25"
                ]
            }
        },
        {
            "label": {
                "es": [
                    "Derechos"
                ]
            },
            "value": {
                "es": [
                    "http://creativecommons.org/licenses/by-nc/4.0/"
                ]
            }
        },
        {
            "label": {
                "es": [
                    "Enlace Externo"
                ]
            },
            "value": {
                "es": [
                    "<a href='http://especiales.memoriademadrid.es/index/verficha/idpk/58292/id/8/obj/A/idag/25'>Ver en el cat\u00e1logo</a>"
                ]
            }
        }
    ],
    "items": [
        {
            "id": "https://www.memoriademadrid.es/iiif/473981/canvas/p1",
            "type": "Canvas",
            "label": {
                "es": [
                    1
                ]
            },
            "width": 863,
            "height": 800,
            "thumbnail": [
                {
                    "id": "https://www.memoriademadrid.es/iiif/3/1049585/full/^500,/0/default.jpg",
                    "type": "Image",
                    "format": "image/jpeg",
                    "width": 500,
                    "height": 463,
                    "services": [
                        {
                            "id": "https://www.memoriademadrid.es/iiif/3/1049585",
                            "profile": "http://iiif.io/api/image/3/level1.json",
                            "@type": "http://iiif.io/api/image/3/context.json"
                        }
                    ]
                }
            ],
            "items": [
                {
                    "id": "https://www.memoriademadrid.es/iiif/3/1049585",
                    "type": "AnnotationPage",
                    "items": [
                        {
                            "id": "https://www.memoriademadrid.es/iiif/3/1049585",
                            "type": "Annotation",
                            "motivation": "painting",
                            "target": "https://www.memoriademadrid.es/iiif/3/1049585",
                            "body": {
                                "id": "https://www.memoriademadrid.es/iiif/3/1049585/full/^863,/0/default.jpg",
                                "type": "Image",
                                "format": "image/jpeg",
                                "width": 863,
                                "height": 800,
                                "service": [
                                    {
                                        "id": "https://www.memoriademadrid.es/iiif/2/1049585",
                                        "profile": "http://iiif.io/api/image/2/level2.json",
                                        "type": "ImageService2"
                                    }
                                ]
                            }
                        }
                    ]
                }
            ]
        }
    ],
    "structures": []
}