{
    "id": "https://www.memoriademadrid.es/iiif/manifest/473991",
    "@context": "http://iiif.io/api/presentation/3/context.json",
    "type": "Manifest",
    "label": {
        "es": [
            "Carlos Morla Linch y Nu\u00f1ez Morgado"
        ]
    },
    "summary": {
        "es": [
            "C/ Prado, 26 (interior)\r\nDistrito: Centro\r\nColocada en el a\u00f1o 2011\r\nEditor: Ayuntamiento de Madrid"
        ]
    },
    "homepage": [
        {
            "id": "https://www.memoriademadrid.es/view/473991",
            "type": "Text",
            "label": {
                "es": [
                    "Home Page"
                ]
            },
            "format": "text/html"
        }
    ],
    "behavior": [
        "continuous"
    ],
    "thumbnail": [
        {
            "id": "https://www.memoriademadrid.es/thumbnail/473991",
            "type": "Image",
            "format": "image/jpeg",
            "width": 1024,
            "height": 662
        }
    ],
    "metadata": [
        {
            "label": {
                "es": [
                    "Tipo de recurso"
                ]
            },
            "value": {
                "es": [
                    "IMAGE"
                ]
            }
        },
        {
            "label": {
                "es": [
                    "OpenAccess Log"
                ]
            },
            "value": {
                "es": [
                    "Updated in OpenAccess at 2025.04.07 01:46:46"
                ]
            }
        },
        {
            "label": {
                "es": [
                    "OpenAccess Colecci\u00f3n"
                ]
            },
            "value": {
                "es": [
                    "364478"
                ]
            }
        },
        {
            "label": {
                "es": [
                    "OpenAccess Enlace"
                ]
            },
            "value": {
                "es": [
                    "https://www.memoriademadrid.es/view/473991"
                ]
            }
        },
        {
            "label": {
                "es": [
                    "OpenAccess Perfil"
                ]
            },
            "value": {
                "es": [
                    "Imagen"
                ]
            }
        },
        {
            "label": {
                "es": [
                    "OpenAccess ID Esquema de Metadatos"
                ]
            },
            "value": {
                "es": [
                    "4"
                ]
            }
        },
        {
            "label": {
                "es": [
                    "OpenAccess Nombre"
                ]
            },
            "value": {
                "es": [
                    "Carlos Morla Linch y Nu\u00f1ez Morgado"
                ]
            }
        },
        {
            "label": {
                "es": [
                    "ImportadoDesde"
                ]
            },
            "value": {
                "es": [
                    "Vargas"
                ]
            }
        },
        {
            "label": {
                "es": [
                    "Objeto master"
                ]
            },
            "value": {
                "es": [
                    "No existen coincidencias"
                ]
            }
        },
        {
            "label": {
                "es": [
                    "A\u00f1o Publicaci\u00f3n"
                ]
            },
            "value": {
                "es": [
                    "2011"
                ]
            }
        },
        {
            "label": {
                "es": [
                    "Notas (privadas)"
                ]
            },
            "value": {
                "es": [
                    "Itinerario : La generacion del 27\r\nVisto Antonio."
                ]
            }
        },
        {
            "label": {
                "es": [
                    "OpenAccess Estado"
                ]
            },
            "value": {
                "es": [
                    "PUBLISH"
                ]
            }
        },
        {
            "label": {
                "es": [
                    "edm:object"
                ]
            },
            "value": {
                "es": [
                    "https://www.memoriademadrid.es/thumbnail/473991"
                ]
            }
        },
        {
            "label": {
                "es": [
                    "Formato"
                ]
            },
            "value": {
                "es": [
                    "image/jpeg"
                ]
            }
        },
        {
            "label": {
                "es": [
                    "Editor"
                ]
            },
            "value": {
                "es": [
                    "Ayuntamiento de Madrid"
                ]
            }
        },
        {
            "label": {
                "es": [
                    "Latitud/Longitud WGS 84"
                ]
            },
            "value": {
                "es": [
                    "40.415081,-3.697414"
                ]
            }
        },
        {
            "label": {
                "es": [
                    "edm:isShownBy"
                ]
            },
            "value": {
                "es": [
                    "https://www.memoriademadrid.es/viewer/473991"
                ]
            }
        },
        {
            "label": {
                "es": [
                    "Idioma"
                ]
            },
            "value": {
                "es": [
                    "spa"
                ]
            }
        },
        {
            "label": {
                "es": [
                    "Clase de Patrimonio"
                ]
            },
            "value": {
                "es": [
                    "Patrimonio Urbano"
                ]
            }
        },
        {
            "label": {
                "es": [
                    "Instituci\u00f3n"
                ]
            },
            "value": {
                "es": [
                    "Patrimonio urbano"
                ]
            }
        },
        {
            "label": {
                "es": [
                    "ID Vargas"
                ]
            },
            "value": {
                "es": [
                    "58298"
                ]
            }
        },
        {
            "label": {
                "es": [
                    "T\u00edtulo"
                ]
            },
            "value": {
                "es": [
                    "Carlos Morla Linch y Nu\u00f1ez Morgado"
                ]
            }
        },
        {
            "label": {
                "es": [
                    "Fecha de creaci\u00f3n Matiz"
                ]
            },
            "value": {
                "es": [
                    "2011"
                ]
            }
        },
        {
            "label": {
                "es": [
                    "Fecha del registro"
                ]
            },
            "value": {
                "es": [
                    "2013-08-29"
                ]
            }
        },
        {
            "label": {
                "es": [
                    "Fecha de creaci\u00f3n inicial"
                ]
            },
            "value": {
                "es": [
                    "2011-01-01"
                ]
            }
        },
        {
            "label": {
                "es": [
                    "Lugar"
                ]
            },
            "value": {
                "es": [
                    "Madrid"
                ]
            }
        },
        {
            "label": {
                "es": [
                    "Descripci\u00f3n"
                ]
            },
            "value": {
                "es": [
                    "C/ Prado, 26 (interior)\r\nDistrito: Centro\r\nColocada en el a\u00f1o 2011\r\nEditor: Ayuntamiento de Madrid"
                ]
            }
        },
        {
            "label": {
                "es": [
                    "Tipo de documento"
                ]
            },
            "value": {
                "es": [
                    "Placas conmemorativas"
                ]
            }
        },
        {
            "label": {
                "es": [
                    "Signatura"
                ]
            },
            "value": {
                "es": [
                    "s/sig"
                ]
            }
        },
        {
            "label": {
                "es": [
                    "Materia"
                ]
            },
            "value": {
                "es": [
                    "Diplom\u00e1ticos"
                ]
            }
        },
        {
            "label": {
                "es": [
                    "Comentarios (p\u00fablico)"
                ]
            },
            "value": {
                "es": [
                    "En esta casa estuvo la Embajada de Chile donde los diplom\u00e1ticos AURELIO N\u00da\u00d1EZ MORGADO Y CARLOS MORLA LYNCH, dieron asilo diplom\u00e1tico en la guerra civil.\r\n\r\nCarlos Morla Linch (Santiago de Chile, 1885 \u2013 Madrid, 1969) fue un diplom\u00e1tico chileno destinado en Madrid durante los a\u00f1os de la II Rep\u00fablica y la Guerra Civil. En realidad su nombre de origen era Carlos Vicu\u00f1a Lynch. El nombre de Morla lo hab\u00eda tomado de su padre Carlos Mar\u00eda, que hab\u00eda cambiado su segundo nombre por el apodo de Morla cuando era estudiante. Al igual que su padre, Morla Lynch tuvo inter\u00e9s por la literatura y, de hecho, acostumbraba a reunir en su residencia de la calle Hermanos B\u00e9cquer a las figuras m\u00e1s significativas de la intelectualidad del momento, especialmente a los poetas de la Generaci\u00f3n del 27, como Luis Cernuda, Manuel Altolaguirre, Rafael Alberti, Jorge Guill\u00e9n, Jos\u00e9 Bergam\u00edn, Vicente Aleixandre, Luis Rosales, Pedro Salinas, Eugenio D\u2019Ors, entre otros. Y tambi\u00e9n, a sus conterr\u00e1neos Vicente Huidobro, Pablo Neruda o Gabriela Mistral. Pero, de todos ellos, el amigo m\u00e1s cercano, a quien ve\u00eda peri\u00f3dicamente y con quien manten\u00eda una relaci\u00f3n m\u00e1s profunda, fue Federico Garc\u00eda Lorca.\r\n\r\nDesde 1936 a 1939, Morla Lynch convirti\u00f3 la Embajada de Chile, situada en la calle del Prado, en un refugio para los perseguidos de ambos bandos. Pablo Neruda confirma que hasta 4.000 personas pudieron salvar sus vidas, gracias al arrojo y determinaci\u00f3n del diplom\u00e1tico chileno. Entre ellos, estaban el escritor falangista Rafael S\u00e1nchez Mazas, padre del tambi\u00e9n escritor S\u00e1nchez Ferlosio, V\u00edctor de la Serna, o Joaqu\u00edn Calvo Sotelo, entre otros, as\u00ed como las familias de Manuel Aza\u00f1a, de Indalecio Prieto o a las hijas de Largo Caballero. \r\n\r\nJunto con Morla Lynch, la placa recuerda la figura de Aurelio N\u00fa\u00f1ez Morgado (1885 - 1951), embajador de Chile en Espa\u00f1a desde 1935, que se implic\u00f3 igualmente en esta actividad humanitaria."
                ]
            }
        },
        {
            "label": {
                "es": [
                    "URL Cat\u00e1logo"
                ]
            },
            "value": {
                "es": [
                    "http://especiales.memoriademadrid.es/index/verficha/idpk/58298/id/8/obj/A/idag/25"
                ]
            }
        },
        {
            "label": {
                "es": [
                    "Derechos"
                ]
            },
            "value": {
                "es": [
                    "http://creativecommons.org/licenses/by-nc/4.0/"
                ]
            }
        },
        {
            "label": {
                "es": [
                    "Enlace Externo"
                ]
            },
            "value": {
                "es": [
                    "<a href='http://especiales.memoriademadrid.es/index/verficha/idpk/58298/id/8/obj/A/idag/25'>Ver en el cat\u00e1logo</a>"
                ]
            }
        }
    ],
    "items": [
        {
            "id": "https://www.memoriademadrid.es/iiif/473991/canvas/p1",
            "type": "Canvas",
            "label": {
                "es": [
                    1
                ]
            },
            "width": 800,
            "height": 517,
            "thumbnail": [
                {
                    "id": "https://www.memoriademadrid.es/iiif/3/1049600/full/^500,/0/default.jpg",
                    "type": "Image",
                    "format": "image/jpeg",
                    "width": 500,
                    "height": 323,
                    "services": [
                        {
                            "id": "https://www.memoriademadrid.es/iiif/3/1049600",
                            "profile": "http://iiif.io/api/image/3/level1.json",
                            "@type": "http://iiif.io/api/image/3/context.json"
                        }
                    ]
                }
            ],
            "items": [
                {
                    "id": "https://www.memoriademadrid.es/iiif/3/1049600",
                    "type": "AnnotationPage",
                    "items": [
                        {
                            "id": "https://www.memoriademadrid.es/iiif/3/1049600",
                            "type": "Annotation",
                            "motivation": "painting",
                            "target": "https://www.memoriademadrid.es/iiif/3/1049600",
                            "body": {
                                "id": "https://www.memoriademadrid.es/iiif/3/1049600/full/^800,/0/default.jpg",
                                "type": "Image",
                                "format": "image/jpeg",
                                "width": 800,
                                "height": 517,
                                "service": [
                                    {
                                        "id": "https://www.memoriademadrid.es/iiif/2/1049600",
                                        "profile": "http://iiif.io/api/image/2/level2.json",
                                        "type": "ImageService2"
                                    }
                                ]
                            }
                        }
                    ]
                }
            ]
        }
    ],
    "structures": []
}