{
    "id": "https://www.memoriademadrid.es/iiif/manifest/473997",
    "@context": "http://iiif.io/api/presentation/3/context.json",
    "type": "Manifest",
    "label": {
        "es": [
            "Sinagoga de \"Midr\u00e1s Abarbanel\""
        ]
    },
    "summary": {
        "es": [
            "C/ Pr\u00edncipe, 5\r\nDistrito: Centro\r\nColocada en el a\u00f1o 2012\r\nEditor: Ayuntamiento de Madrid"
        ]
    },
    "homepage": [
        {
            "id": "https://www.memoriademadrid.es/view/473997",
            "type": "Text",
            "label": {
                "es": [
                    "Home Page"
                ]
            },
            "format": "text/html"
        }
    ],
    "behavior": [
        "continuous"
    ],
    "thumbnail": [
        {
            "id": "https://www.memoriademadrid.es/thumbnail/473997",
            "type": "Image",
            "format": "image/jpeg",
            "width": 1024,
            "height": 680
        }
    ],
    "metadata": [
        {
            "label": {
                "es": [
                    "Tipo de recurso"
                ]
            },
            "value": {
                "es": [
                    "IMAGE"
                ]
            }
        },
        {
            "label": {
                "es": [
                    "OpenAccess Log"
                ]
            },
            "value": {
                "es": [
                    "Updated in OpenAccess at 2025.04.07 01:47:20"
                ]
            }
        },
        {
            "label": {
                "es": [
                    "OpenAccess Colecci\u00f3n"
                ]
            },
            "value": {
                "es": [
                    "364478"
                ]
            }
        },
        {
            "label": {
                "es": [
                    "OpenAccess Enlace"
                ]
            },
            "value": {
                "es": [
                    "https://www.memoriademadrid.es/view/473997"
                ]
            }
        },
        {
            "label": {
                "es": [
                    "OpenAccess Perfil"
                ]
            },
            "value": {
                "es": [
                    "Imagen"
                ]
            }
        },
        {
            "label": {
                "es": [
                    "OpenAccess ID Esquema de Metadatos"
                ]
            },
            "value": {
                "es": [
                    "4"
                ]
            }
        },
        {
            "label": {
                "es": [
                    "OpenAccess Nombre"
                ]
            },
            "value": {
                "es": [
                    "Sinagoga de \"Midr\u00e1s Abarbanel\""
                ]
            }
        },
        {
            "label": {
                "es": [
                    "ImportadoDesde"
                ]
            },
            "value": {
                "es": [
                    "Vargas"
                ]
            }
        },
        {
            "label": {
                "es": [
                    "Objeto master"
                ]
            },
            "value": {
                "es": [
                    "No existen coincidencias"
                ]
            }
        },
        {
            "label": {
                "es": [
                    "A\u00f1o Publicaci\u00f3n"
                ]
            },
            "value": {
                "es": [
                    "2012"
                ]
            }
        },
        {
            "label": {
                "es": [
                    "Notas (privadas)"
                ]
            },
            "value": {
                "es": [
                    "(zzz) Visto Antonio. Lugares con Historia"
                ]
            }
        },
        {
            "label": {
                "es": [
                    "OpenAccess Estado"
                ]
            },
            "value": {
                "es": [
                    "PUBLISH"
                ]
            }
        },
        {
            "label": {
                "es": [
                    "edm:object"
                ]
            },
            "value": {
                "es": [
                    "https://www.memoriademadrid.es/thumbnail/473997"
                ]
            }
        },
        {
            "label": {
                "es": [
                    "Formato"
                ]
            },
            "value": {
                "es": [
                    "image/jpeg"
                ]
            }
        },
        {
            "label": {
                "es": [
                    "Editor"
                ]
            },
            "value": {
                "es": [
                    "Ayuntamiento de Madrid"
                ]
            }
        },
        {
            "label": {
                "es": [
                    "Latitud/Longitud WGS 84"
                ]
            },
            "value": {
                "es": [
                    "40.414837,-3.700236"
                ]
            }
        },
        {
            "label": {
                "es": [
                    "edm:isShownBy"
                ]
            },
            "value": {
                "es": [
                    "https://www.memoriademadrid.es/viewer/473997"
                ]
            }
        },
        {
            "label": {
                "es": [
                    "Idioma"
                ]
            },
            "value": {
                "es": [
                    "spa"
                ]
            }
        },
        {
            "label": {
                "es": [
                    "Clase de Patrimonio"
                ]
            },
            "value": {
                "es": [
                    "Patrimonio Urbano"
                ]
            }
        },
        {
            "label": {
                "es": [
                    "Instituci\u00f3n"
                ]
            },
            "value": {
                "es": [
                    "Patrimonio urbano"
                ]
            }
        },
        {
            "label": {
                "es": [
                    "ID Vargas"
                ]
            },
            "value": {
                "es": [
                    "58301"
                ]
            }
        },
        {
            "label": {
                "es": [
                    "T\u00edtulo"
                ]
            },
            "value": {
                "es": [
                    "Sinagoga de \"Midr\u00e1s Abarbanel\""
                ]
            }
        },
        {
            "label": {
                "es": [
                    "Fecha de creaci\u00f3n Matiz"
                ]
            },
            "value": {
                "es": [
                    "2012"
                ]
            }
        },
        {
            "label": {
                "es": [
                    "Fecha del registro"
                ]
            },
            "value": {
                "es": [
                    "2013-08-29"
                ]
            }
        },
        {
            "label": {
                "es": [
                    "Fecha de creaci\u00f3n inicial"
                ]
            },
            "value": {
                "es": [
                    "2012-01-01"
                ]
            }
        },
        {
            "label": {
                "es": [
                    "Lugar"
                ]
            },
            "value": {
                "es": [
                    "Madrid"
                ]
            }
        },
        {
            "label": {
                "es": [
                    "Descripci\u00f3n"
                ]
            },
            "value": {
                "es": [
                    "C/ Pr\u00edncipe, 5\r\nDistrito: Centro\r\nColocada en el a\u00f1o 2012\r\nEditor: Ayuntamiento de Madrid"
                ]
            }
        },
        {
            "label": {
                "es": [
                    "Tipo de documento"
                ]
            },
            "value": {
                "es": [
                    "Placas conmemorativas"
                ]
            }
        },
        {
            "label": {
                "es": [
                    "Signatura"
                ]
            },
            "value": {
                "es": [
                    "s/sig"
                ]
            }
        },
        {
            "label": {
                "es": [
                    "Materia"
                ]
            },
            "value": {
                "es": [
                    "Lugares emblem\u00e1ticos"
                ]
            }
        },
        {
            "label": {
                "es": [
                    "Comentarios (p\u00fablico)"
                ]
            },
            "value": {
                "es": [
                    "Aqu\u00ed estuvo el edificio que alberg\u00f3 de 1917 a 1939 LA SINAGOGA DE MADRID \"MIDRAS ABARBANEL\", primera que abri\u00f3 sus puertas despu\u00e9s de la expulsi\u00f3n de los judios en 1492.\r\n\r\nEsta Sinagoga fue uno de los m\u00e1s importantes centros de la Comunidad Jud\u00eda que, escapando de la Primera Guerra Mundial, emigr\u00f3 a Espa\u00f1a y concretamente a Madrid de todas partes del mundo. \u201cEntre los cincuenta y siete hombres que se incorporaron a la congregaci\u00f3n hab\u00eda s\u00fabditos de veintid\u00f3s pa\u00edses. Los m\u00e1s era sefard\u00edes de Constantinopla, de Sal\u00f3nica, de Bosnia, de Austria, de Bulgaria, de Serbia, de Argentina y de Brasil; dos eran de Persia y uno de Babilonia (Irak). Hab\u00eda europeos de Francia, de B\u00e9lgica, de Austria, de Rusia, de Italia y de Luxemburgo\u201d, seg\u00fan indic\u00f3 Abraham Yahuda uno de los representantes m\u00e1s destacados de aquella Comunidad. Posteriormente, muchos jud\u00edos \u2015m\u00e1s de tres mil\u2015 se sumaron a \u00e9stos a comienzos de la d\u00e9cada del treinta huyendo de la persecuci\u00f3n de los nazis alemanes.\r\n\r\nLa Sinagoga \u201cMidr\u00e1s Abarbanel\u201d se inaugur\u00f3 el 3 de febrero de 1917 con el nombre de Isaac Abarbanel, una de las figuras m\u00e1s destacadas y se\u00f1eras de la Comunidad Hebrea, que condujo a los jud\u00edos espa\u00f1oles en la di\u00e1spora a Portugal a finales del siglo XIV. \r\n\r\nFue siempre una casa de refugio y de culto para todos los jud\u00edos que viv\u00edan en Madrid hasta 1939. Nombres como los de los escritores Rafael Cansinos Assens, Max Aub o Germ\u00e1n Bleiberg, entre otros, formaron parte, como sus familias, de esta comunidad y lucharon por ser aceptados en un mundo dominado por la intolerancia y el sectarismo, que persegu\u00eda el sionismo, sus creencia y a su gente.\r\n\r\nEste fue el sentimiento de encuentro y reconciliaci\u00f3n de una comunidad, que aspir\u00f3 a convivir con los madrile\u00f1os y que lo consigui\u00f3 en tiempos tan dif\u00edciles como los que nos tocaron vivir a los espa\u00f1oles y europeos en la primera mitad de siglo XX."
                ]
            }
        },
        {
            "label": {
                "es": [
                    "URL Cat\u00e1logo"
                ]
            },
            "value": {
                "es": [
                    "http://especiales.memoriademadrid.es/index/verficha/idpk/58301/id/8/obj/A/idag/25"
                ]
            }
        },
        {
            "label": {
                "es": [
                    "Derechos"
                ]
            },
            "value": {
                "es": [
                    "http://creativecommons.org/licenses/by-nc/4.0/"
                ]
            }
        },
        {
            "label": {
                "es": [
                    "Enlace Externo"
                ]
            },
            "value": {
                "es": [
                    "<a href='http://especiales.memoriademadrid.es/index/verficha/idpk/58301/id/8/obj/A/idag/25'>Ver en el cat\u00e1logo</a>"
                ]
            }
        }
    ],
    "items": [
        {
            "id": "https://www.memoriademadrid.es/iiif/473997/canvas/p1",
            "type": "Canvas",
            "label": {
                "es": [
                    1
                ]
            },
            "width": 800,
            "height": 531,
            "thumbnail": [
                {
                    "id": "https://www.memoriademadrid.es/iiif/3/1049609/full/^500,/0/default.jpg",
                    "type": "Image",
                    "format": "image/jpeg",
                    "width": 500,
                    "height": 332,
                    "services": [
                        {
                            "id": "https://www.memoriademadrid.es/iiif/3/1049609",
                            "profile": "http://iiif.io/api/image/3/level1.json",
                            "@type": "http://iiif.io/api/image/3/context.json"
                        }
                    ]
                }
            ],
            "items": [
                {
                    "id": "https://www.memoriademadrid.es/iiif/3/1049609",
                    "type": "AnnotationPage",
                    "items": [
                        {
                            "id": "https://www.memoriademadrid.es/iiif/3/1049609",
                            "type": "Annotation",
                            "motivation": "painting",
                            "target": "https://www.memoriademadrid.es/iiif/3/1049609",
                            "body": {
                                "id": "https://www.memoriademadrid.es/iiif/3/1049609/full/^800,/0/default.jpg",
                                "type": "Image",
                                "format": "image/jpeg",
                                "width": 800,
                                "height": 531,
                                "service": [
                                    {
                                        "id": "https://www.memoriademadrid.es/iiif/2/1049609",
                                        "profile": "http://iiif.io/api/image/2/level2.json",
                                        "type": "ImageService2"
                                    }
                                ]
                            }
                        }
                    ]
                }
            ]
        }
    ],
    "structures": []
}