{
    "id": "https://www.memoriademadrid.es/iiif/manifest/483569",
    "@context": "http://iiif.io/api/presentation/3/context.json",
    "type": "Manifest",
    "label": {
        "es": [
            "Convento de las Comendadoras y parroquia de Santiago el Mayor"
        ]
    },
    "summary": {
        "es": [
            "Plaza Comendadoras, 12\r\nDestaca la fachada principal de la parroquia, que presenta un p\u00f3rtico de ingreso con tres arcos de medio punto, flanqueado por dos torres. Decorando el conjunto, en una hornacina, se encunetra una escultura de Santiago Matamoros. \r\nEn  el interior es importante la c\u00fapula sobre pechinas con pilares achaflandos, decorados con la cruz en rojo de la orden de Santiago. Sacrist\u00eda de Caballeros."
        ]
    },
    "homepage": [
        {
            "id": "https://www.memoriademadrid.es/view/483569",
            "type": "Text",
            "label": {
                "es": [
                    "Home Page"
                ]
            },
            "format": "text/html"
        }
    ],
    "behavior": [
        "continuous"
    ],
    "thumbnail": [
        {
            "id": "https://www.memoriademadrid.es/thumbnail/483569",
            "type": "Image",
            "format": "image/jpeg",
            "width": 693,
            "height": 1024
        }
    ],
    "metadata": [
        {
            "label": {
                "es": [
                    "Instituci\u00f3n"
                ]
            },
            "value": {
                "es": [
                    "Patrimonio urbano"
                ]
            }
        },
        {
            "label": {
                "es": [
                    "edm:isShownBy"
                ]
            },
            "value": {
                "es": [
                    "https://www.memoriademadrid.es/viewer/483569"
                ]
            }
        },
        {
            "label": {
                "es": [
                    "edm:object"
                ]
            },
            "value": {
                "es": [
                    "https://www.memoriademadrid.es/thumbnail/483569"
                ]
            }
        },
        {
            "label": {
                "es": [
                    "OpenAccess Estado"
                ]
            },
            "value": {
                "es": [
                    "PUBLISH"
                ]
            }
        },
        {
            "label": {
                "es": [
                    "OpenAccess Log"
                ]
            },
            "value": {
                "es": [
                    "Updated in OpenAccess at 2025.12.03 09:02:32."
                ]
            }
        },
        {
            "label": {
                "es": [
                    "URL Derechos"
                ]
            },
            "value": {
                "es": [
                    "<a href=http://creativecommons.org/licenses/by-nc/4.0/ >Creative Commons BY-NC 4.0</a>"
                ]
            }
        },
        {
            "label": {
                "es": [
                    "Clase de Patrimonio"
                ]
            },
            "value": {
                "es": [
                    "Patrimonio arquitect\u00f3nico y monumental"
                ]
            }
        },
        {
            "label": {
                "es": [
                    "MasterCarpeta"
                ]
            },
            "value": {
                "es": [
                    "Patrimonio_urbano_4593"
                ]
            }
        },
        {
            "label": {
                "es": [
                    "OpenAccess Enlace"
                ]
            },
            "value": {
                "es": [
                    "https://www.memoriademadrid.es/view/483569"
                ]
            }
        },
        {
            "label": {
                "es": [
                    "VisorMapa"
                ]
            },
            "value": {
                "es": [
                    "SXVIITexeira"
                ]
            }
        },
        {
            "label": {
                "es": [
                    "OpenAccess Perfil"
                ]
            },
            "value": {
                "es": [
                    "Imagen"
                ]
            }
        },
        {
            "label": {
                "es": [
                    "OpenAccess Colecci\u00f3n"
                ]
            },
            "value": {
                "es": [
                    "260321"
                ]
            }
        },
        {
            "label": {
                "es": [
                    "OpenAccess ID Esquema de Metadatos"
                ]
            },
            "value": {
                "es": [
                    "4"
                ]
            }
        },
        {
            "label": {
                "es": [
                    "OpenAccess Nombre"
                ]
            },
            "value": {
                "es": [
                    "Convento de las Comendadoras y parroquia de Santiago el Mayor"
                ]
            }
        },
        {
            "label": {
                "es": [
                    "ImportadoDesde"
                ]
            },
            "value": {
                "es": [
                    "Vargas"
                ]
            }
        },
        {
            "label": {
                "es": [
                    "Objeto master"
                ]
            },
            "value": {
                "es": [
                    "No existen coincidencias"
                ]
            }
        },
        {
            "label": {
                "es": [
                    "Fecha de creaci\u00f3n final"
                ]
            },
            "value": {
                "es": [
                    "1667-12-31"
                ]
            }
        },
        {
            "label": {
                "es": [
                    "ID Vargas"
                ]
            },
            "value": {
                "es": [
                    "4593"
                ]
            }
        },
        {
            "label": {
                "es": [
                    "Idioma"
                ]
            },
            "value": {
                "es": [
                    "spa"
                ]
            }
        },
        {
            "label": {
                "es": [
                    "A\u00f1o Publicaci\u00f3n"
                ]
            },
            "value": {
                "es": [
                    "1667"
                ]
            }
        },
        {
            "label": {
                "es": [
                    "Latitud/Longitud WGS 84"
                ]
            },
            "value": {
                "es": [
                    "40.42744275,-3.7087131"
                ]
            }
        },
        {
            "label": {
                "es": [
                    "Editor"
                ]
            },
            "value": {
                "es": [
                    "Ayuntamiento de Madrid. \u00c1rea de las Artes"
                ]
            }
        },
        {
            "label": {
                "es": [
                    "Tipo de recurso"
                ]
            },
            "value": {
                "es": [
                    "IMAGE"
                ]
            }
        },
        {
            "label": {
                "es": [
                    "Formato"
                ]
            },
            "value": {
                "es": [
                    "image/jpeg"
                ]
            }
        },
        {
            "label": {
                "es": [
                    "Notas (privadas)"
                ]
            },
            "value": {
                "es": [
                    "http://www.monumentamadrid.es/AM_Edificios3/AM_Edificios3_WEB/index.htm#ingra:inmana.00323"
                ]
            }
        },
        {
            "label": {
                "es": [
                    "Autor"
                ]
            },
            "value": {
                "es": [
                    "Francisco SABATINI",
                    "Jos\u00e9 del OLMO",
                    "Manuel del OLMO"
                ]
            }
        },
        {
            "label": {
                "es": [
                    "T\u00edtulo"
                ]
            },
            "value": {
                "es": [
                    "Convento de las Comendadoras y parroquia de Santiago el Mayor"
                ]
            }
        },
        {
            "label": {
                "es": [
                    "Fecha de creaci\u00f3n inicial"
                ]
            },
            "value": {
                "es": [
                    "1667-01-01"
                ]
            }
        },
        {
            "label": {
                "es": [
                    "Fecha del registro"
                ]
            },
            "value": {
                "es": [
                    "2012-06-28"
                ]
            }
        },
        {
            "label": {
                "es": [
                    "Descripci\u00f3n"
                ]
            },
            "value": {
                "es": [
                    "Plaza Comendadoras, 12\r\nDestaca la fachada principal de la parroquia, que presenta un p\u00f3rtico de ingreso con tres arcos de medio punto, flanqueado por dos torres. Decorando el conjunto, en una hornacina, se encunetra una escultura de Santiago Matamoros. \r\nEn  el interior es importante la c\u00fapula sobre pechinas con pilares achaflandos, decorados con la cruz en rojo de la orden de Santiago. Sacrist\u00eda de Caballeros."
                ]
            }
        },
        {
            "label": {
                "es": [
                    "Tipo de documento"
                ]
            },
            "value": {
                "es": [
                    "Edificios"
                ]
            }
        },
        {
            "label": {
                "es": [
                    "Signatura"
                ]
            },
            "value": {
                "es": [
                    "s/sig"
                ]
            }
        },
        {
            "label": {
                "es": [
                    "Materia"
                ]
            },
            "value": {
                "es": [
                    "Plaza de las Comendadoras",
                    "Toledo, Juan Bautista de (ca. 1515-ca.1567)"
                ]
            }
        },
        {
            "label": {
                "es": [
                    "Comentarios (p\u00fablico)"
                ]
            },
            "value": {
                "es": [
                    "Es un magn\u00edfico ejemplo de conjunto conventual madrile\u00f1o, el \u00fanico que se conserva en su integridad, pues sigue ocupando una manzana completa del casco antiguo y no ha sido derribado ninguno de sus elementos originales. Fue fundado en 1584 por D. \u00cd\u00f1igo Zapata C\u00e1rdenas y su esposa como sede de la Orden de Santiago en Madrid, pero la escritura de concierto para las obras no se firm\u00f3 hasta 1667. Se encargaron las trazas a Jos\u00e9 del Olmo y a su hermano Manuel, que planearon un convento de planta rectangular y una singular iglesia con planta de cruz griega cuyos brazos terminan en hornacinas. \r\n\r\nEs uno de los escasos ejemplos de iglesia de planta central en Madrid. El elemento m\u00e1s destacado del conjunto es la c\u00fapula, que se asienta sobre grandes pilares achaflanados y pechinas decoradas con la Cruz de Santiago. La pr\u00e1ctica totalidad de la decoraci\u00f3n interior se resuelve con pilastras pareadas y cajeadas que se prolongan en la c\u00fapula y en los cuartos de esfera de los brazos. El altar mayor est\u00e1 presidido por un cuadro de Santiago Matamoros, obra de Lucas Jord\u00e1n. La entrada se realiza mediante un n\u00e1rtex con p\u00f3rtico tripartito de arcos de medio punto. Las obras fueron a ritmo lento por dificultades econ\u00f3micas, pero en 1675 la iglesia estaba casi concluida, a falta de las cubiertas. En 1745 Moradillo proyect\u00f3 la nueva Sacrist\u00eda de los Caballeros, en donde se preparaban \u00e9stos antes de la ceremonia de nombramiento que se llevaba a cabo bajo la c\u00fapula de la iglesia. \r\n\r\nLa sacrist\u00eda es de gran belleza y un cuidado clasicismo dieciochesco. Hacia 1753, Francisco Sabatini realiz\u00f3 una reestructuraci\u00f3n del convento, uniendo las diversas casas en que estaba distribuido hasta entonces. El coro sobre el ingreso es obra de Narciso Pascual y Colomer. Las recientes intervenciones han consistido esencialmente en la restauraci\u00f3n de cubiertas, recalces y revocos."
                ]
            }
        },
        {
            "label": {
                "es": [
                    "Derechos"
                ]
            },
            "value": {
                "es": [
                    "http://creativecommons.org/licenses/by-nc/4.0/"
                ]
            }
        }
    ],
    "items": [
        {
            "id": "https://www.memoriademadrid.es/iiif/483569/canvas/p1",
            "type": "Canvas",
            "label": {
                "es": [
                    1
                ]
            },
            "width": 600,
            "height": 887,
            "thumbnail": [
                {
                    "id": "https://www.memoriademadrid.es/iiif/3/1235234/full/^500,/0/default.jpg",
                    "type": "Image",
                    "format": "image/jpeg",
                    "width": 500,
                    "height": 739,
                    "services": [
                        {
                            "id": "https://www.memoriademadrid.es/iiif/3/1235234",
                            "profile": "http://iiif.io/api/image/3/level1.json",
                            "@type": "http://iiif.io/api/image/3/context.json"
                        }
                    ]
                }
            ],
            "items": [
                {
                    "id": "https://www.memoriademadrid.es/iiif/3/1235234",
                    "type": "AnnotationPage",
                    "items": [
                        {
                            "id": "https://www.memoriademadrid.es/iiif/3/1235234",
                            "type": "Annotation",
                            "motivation": "painting",
                            "target": "https://www.memoriademadrid.es/iiif/3/1235234",
                            "body": {
                                "id": "https://www.memoriademadrid.es/iiif/3/1235234/full/^600,/0/default.jpg",
                                "type": "Image",
                                "format": "image/jpeg",
                                "width": 600,
                                "height": 887,
                                "service": [
                                    {
                                        "id": "https://www.memoriademadrid.es/iiif/2/1235234",
                                        "profile": "http://iiif.io/api/image/2/level2.json",
                                        "type": "ImageService2"
                                    }
                                ]
                            }
                        }
                    ]
                }
            ]
        },
        {
            "id": "https://www.memoriademadrid.es/iiif/483569/canvas/p2",
            "type": "Canvas",
            "label": {
                "es": [
                    2
                ]
            },
            "width": 600,
            "height": 887,
            "thumbnail": [
                {
                    "id": "https://www.memoriademadrid.es/iiif/3/1235237/full/^500,/0/default.jpg",
                    "type": "Image",
                    "format": "image/jpeg",
                    "width": 500,
                    "height": 739,
                    "services": [
                        {
                            "id": "https://www.memoriademadrid.es/iiif/3/1235237",
                            "profile": "http://iiif.io/api/image/3/level1.json",
                            "@type": "http://iiif.io/api/image/3/context.json"
                        }
                    ]
                }
            ],
            "items": [
                {
                    "id": "https://www.memoriademadrid.es/iiif/3/1235237",
                    "type": "AnnotationPage",
                    "items": [
                        {
                            "id": "https://www.memoriademadrid.es/iiif/3/1235237",
                            "type": "Annotation",
                            "motivation": "painting",
                            "target": "https://www.memoriademadrid.es/iiif/3/1235237",
                            "body": {
                                "id": "https://www.memoriademadrid.es/iiif/3/1235237/full/^600,/0/default.jpg",
                                "type": "Image",
                                "format": "image/jpeg",
                                "width": 600,
                                "height": 887,
                                "service": [
                                    {
                                        "id": "https://www.memoriademadrid.es/iiif/2/1235237",
                                        "profile": "http://iiif.io/api/image/2/level2.json",
                                        "type": "ImageService2"
                                    }
                                ]
                            }
                        }
                    ]
                }
            ]
        }
    ],
    "structures": []
}