{
    "id": "https://www.memoriademadrid.es/iiif/manifest/483673",
    "@context": "http://iiif.io/api/presentation/3/context.json",
    "type": "Manifest",
    "label": {
        "es": [
            "Real Academia de Bellas Artes de San Fernando"
        ]
    },
    "summary": {
        "es": [
            "Calle Alcala, 13\r\nAntiguo palacio de D. Juan de Goyeneche\r\nEl exterior destaca por su sobriedad ornamental, que se contrapone al movimiento Barroco que se daba en Madrid a finales del XVII. \r\nEn el interior destacan el actual Sal\u00f3n de Actos y la riqueza art\u00edstica de las obras que contiene este palacio."
        ]
    },
    "homepage": [
        {
            "id": "https://www.memoriademadrid.es/view/483673",
            "type": "Text",
            "label": {
                "es": [
                    "Home Page"
                ]
            },
            "format": "text/html"
        }
    ],
    "behavior": [
        "continuous"
    ],
    "thumbnail": [
        {
            "id": "https://www.memoriademadrid.es/thumbnail/483673",
            "type": "Image",
            "format": "image/jpeg",
            "width": 1024,
            "height": 689
        }
    ],
    "metadata": [
        {
            "label": {
                "es": [
                    "ID Vargas"
                ]
            },
            "value": {
                "es": [
                    "5249"
                ]
            }
        },
        {
            "label": {
                "es": [
                    "OpenAccess ID Esquema de Metadatos"
                ]
            },
            "value": {
                "es": [
                    "4"
                ]
            }
        },
        {
            "label": {
                "es": [
                    "OpenAccess Estado"
                ]
            },
            "value": {
                "es": [
                    "PUBLISH"
                ]
            }
        },
        {
            "label": {
                "es": [
                    "OpenAccess Enlace"
                ]
            },
            "value": {
                "es": [
                    "https://www.memoriademadrid.es/view/483673"
                ]
            }
        },
        {
            "label": {
                "es": [
                    "OpenAccess Colecci\u00f3n"
                ]
            },
            "value": {
                "es": [
                    "260321"
                ]
            }
        },
        {
            "label": {
                "es": [
                    "Objeto master"
                ]
            },
            "value": {
                "es": [
                    "No existen coincidencias"
                ]
            }
        },
        {
            "label": {
                "es": [
                    "Notas (privadas)"
                ]
            },
            "value": {
                "es": [
                    "http://www.monumentamadrid.es/AM_Edificios3/AM_Edificios3_WEB/index.htm#ingra:inmana.03820\r\nCoordenadas UTM X: 440.669\r\nCoordenadas UTM Y: 4.474.564"
                ]
            }
        },
        {
            "label": {
                "es": [
                    "OpenAccess Log"
                ]
            },
            "value": {
                "es": [
                    "Updated in OpenAccess at 2025.12.03 09:11:32."
                ]
            }
        },
        {
            "label": {
                "es": [
                    "MasterCarpeta"
                ]
            },
            "value": {
                "es": [
                    "Patrimonio_urbano_5249"
                ]
            }
        },
        {
            "label": {
                "es": [
                    "Latitud/Longitud WGS 84"
                ]
            },
            "value": {
                "es": [
                    "40.417628,-3.700601"
                ]
            }
        },
        {
            "label": {
                "es": [
                    "Instituci\u00f3n"
                ]
            },
            "value": {
                "es": [
                    "Patrimonio urbano"
                ]
            }
        },
        {
            "label": {
                "es": [
                    "ImportadoDesde"
                ]
            },
            "value": {
                "es": [
                    "Vargas"
                ]
            }
        },
        {
            "label": {
                "es": [
                    "Idioma"
                ]
            },
            "value": {
                "es": [
                    "spa"
                ]
            }
        },
        {
            "label": {
                "es": [
                    "Formato"
                ]
            },
            "value": {
                "es": [
                    "image/jpeg"
                ]
            }
        },
        {
            "label": {
                "es": [
                    "OpenAccess Nombre"
                ]
            },
            "value": {
                "es": [
                    "Real Academia de Bellas Artes de San Fernando"
                ]
            }
        },
        {
            "label": {
                "es": [
                    "OpenAccess Perfil"
                ]
            },
            "value": {
                "es": [
                    "Imagen"
                ]
            }
        },
        {
            "label": {
                "es": [
                    "Fecha de creaci\u00f3n final"
                ]
            },
            "value": {
                "es": [
                    "1715-12-31"
                ]
            }
        },
        {
            "label": {
                "es": [
                    "edm:object"
                ]
            },
            "value": {
                "es": [
                    "https://www.memoriademadrid.es/thumbnail/483673"
                ]
            }
        },
        {
            "label": {
                "es": [
                    "edm:isShownBy"
                ]
            },
            "value": {
                "es": [
                    "https://www.memoriademadrid.es/viewer/483673"
                ]
            }
        },
        {
            "label": {
                "es": [
                    "Editor"
                ]
            },
            "value": {
                "es": [
                    "Ayuntamiento de Madrid. \u00c1rea de las Artes"
                ]
            }
        },
        {
            "label": {
                "es": [
                    "Tipo de recurso"
                ]
            },
            "value": {
                "es": [
                    "IMAGE"
                ]
            }
        },
        {
            "label": {
                "es": [
                    "URL Derechos"
                ]
            },
            "value": {
                "es": [
                    "<a>Creative Commons BY-NC 4.0</a>"
                ]
            }
        },
        {
            "label": {
                "es": [
                    "VisorMapa"
                ]
            },
            "value": {
                "es": [
                    "SXVIITexeira"
                ]
            }
        },
        {
            "label": {
                "es": [
                    "Clase de Patrimonio"
                ]
            },
            "value": {
                "es": [
                    "Patrimonio arquitect\u00f3nico y monumental"
                ]
            }
        },
        {
            "label": {
                "es": [
                    "A\u00f1o Publicaci\u00f3n"
                ]
            },
            "value": {
                "es": [
                    "1715"
                ]
            }
        },
        {
            "label": {
                "es": [
                    "Autor"
                ]
            },
            "value": {
                "es": [
                    "Diego de VILLANUEVA",
                    "Fernando CHUECA GOITIA",
                    "Jos\u00e9 Benito de CHURRIGUERA"
                ]
            }
        },
        {
            "label": {
                "es": [
                    "T\u00edtulo"
                ]
            },
            "value": {
                "es": [
                    "Real Academia de Bellas Artes de San Fernando"
                ]
            }
        },
        {
            "label": {
                "es": [
                    "Fecha del registro"
                ]
            },
            "value": {
                "es": [
                    "2012-07-02"
                ]
            }
        },
        {
            "label": {
                "es": [
                    "Fecha de creaci\u00f3n inicial"
                ]
            },
            "value": {
                "es": [
                    "1715-01-01"
                ]
            }
        },
        {
            "label": {
                "es": [
                    "Descripci\u00f3n"
                ]
            },
            "value": {
                "es": [
                    "Calle Alcala, 13\r\nAntiguo palacio de D. Juan de Goyeneche\r\nEl exterior destaca por su sobriedad ornamental, que se contrapone al movimiento Barroco que se daba en Madrid a finales del XVII. \r\nEn el interior destacan el actual Sal\u00f3n de Actos y la riqueza art\u00edstica de las obras que contiene este palacio."
                ]
            }
        },
        {
            "label": {
                "es": [
                    "Tipo de documento"
                ]
            },
            "value": {
                "es": [
                    "Edificios"
                ]
            }
        },
        {
            "label": {
                "es": [
                    "Signatura"
                ]
            },
            "value": {
                "es": [
                    "s/sig"
                ]
            }
        },
        {
            "label": {
                "es": [
                    "Materia"
                ]
            },
            "value": {
                "es": [
                    "Calle de Alcal\u00e1"
                ]
            }
        },
        {
            "label": {
                "es": [
                    "Comentarios (p\u00fablico)"
                ]
            },
            "value": {
                "es": [
                    "Construido inicialmente para palacio de D. Juan de Goyeneche, el edificio fue adquirido por la Academia de Bellas Artes en 1773 para instalar en \u00e9l su sede. Diego de Villanueva reform\u00f3 la fachada en 1774 eliminando elementos decorativos y adapt\u00e1ndola a los nuevos presupuestos del pensamiento ilustrado. Esa limpieza de ornamentaci\u00f3n es quiz\u00e1 el mejor ejemplo de lo que supuso la Academia en la cultura espa\u00f1ola: el fin del pensamiento tradicional, identificado con el barroco, en favor del pensamiento ilustrado como reflejo del mundo europeo. \r\nEl edificio ocupa un solar alargado con fachada a dos calles, irregular pero sensiblemente rectangular, que permite estructurar la planta casi sim\u00e9tricamente en torno a un eje marcado por las escaleras y dos patios centrales. La portada de acceso, adintelada, descansa sobre dos grandes columnas exentas. Los torreones superiores obedecen a un a\u00f1adido posterior para tapar las medianer\u00edas de los edificios colindantes, m\u00e1s altos.\r\nEl edificio fue objeto de una lenta reforma y restauraci\u00f3n dirigida por Fernando Chueca Goitia, que recuper\u00f3 antiguos espacios y cre\u00f3 otros nuevos, como el actual sal\u00f3n de actos, que aprovecha el espacio de un antiguo patio."
                ]
            }
        },
        {
            "label": {
                "es": [
                    "Derechos"
                ]
            },
            "value": {
                "es": [
                    "http://creativecommons.org/licenses/by-nc/4.0/"
                ]
            }
        }
    ],
    "items": [
        {
            "id": "https://www.memoriademadrid.es/iiif/483673/canvas/p1",
            "type": "Canvas",
            "label": {
                "es": [
                    1
                ]
            },
            "width": 600,
            "height": 404,
            "thumbnail": [
                {
                    "id": "https://www.memoriademadrid.es/iiif/3/1235910/full/^500,/0/default.jpg",
                    "type": "Image",
                    "format": "image/jpeg",
                    "width": 500,
                    "height": 337,
                    "services": [
                        {
                            "id": "https://www.memoriademadrid.es/iiif/3/1235910",
                            "profile": "http://iiif.io/api/image/3/level1.json",
                            "@type": "http://iiif.io/api/image/3/context.json"
                        }
                    ]
                }
            ],
            "items": [
                {
                    "id": "https://www.memoriademadrid.es/iiif/3/1235910",
                    "type": "AnnotationPage",
                    "items": [
                        {
                            "id": "https://www.memoriademadrid.es/iiif/3/1235910",
                            "type": "Annotation",
                            "motivation": "painting",
                            "target": "https://www.memoriademadrid.es/iiif/3/1235910",
                            "body": {
                                "id": "https://www.memoriademadrid.es/iiif/3/1235910/full/^600,/0/default.jpg",
                                "type": "Image",
                                "format": "image/jpeg",
                                "width": 600,
                                "height": 404,
                                "service": [
                                    {
                                        "id": "https://www.memoriademadrid.es/iiif/2/1235910",
                                        "profile": "http://iiif.io/api/image/2/level2.json",
                                        "type": "ImageService2"
                                    }
                                ]
                            }
                        }
                    ]
                }
            ]
        },
        {
            "id": "https://www.memoriademadrid.es/iiif/483673/canvas/p2",
            "type": "Canvas",
            "label": {
                "es": [
                    2
                ]
            },
            "width": 600,
            "height": 404,
            "thumbnail": [
                {
                    "id": "https://www.memoriademadrid.es/iiif/3/1235913/full/^500,/0/default.jpg",
                    "type": "Image",
                    "format": "image/jpeg",
                    "width": 500,
                    "height": 337,
                    "services": [
                        {
                            "id": "https://www.memoriademadrid.es/iiif/3/1235913",
                            "profile": "http://iiif.io/api/image/3/level1.json",
                            "@type": "http://iiif.io/api/image/3/context.json"
                        }
                    ]
                }
            ],
            "items": [
                {
                    "id": "https://www.memoriademadrid.es/iiif/3/1235913",
                    "type": "AnnotationPage",
                    "items": [
                        {
                            "id": "https://www.memoriademadrid.es/iiif/3/1235913",
                            "type": "Annotation",
                            "motivation": "painting",
                            "target": "https://www.memoriademadrid.es/iiif/3/1235913",
                            "body": {
                                "id": "https://www.memoriademadrid.es/iiif/3/1235913/full/^600,/0/default.jpg",
                                "type": "Image",
                                "format": "image/jpeg",
                                "width": 600,
                                "height": 404,
                                "service": [
                                    {
                                        "id": "https://www.memoriademadrid.es/iiif/2/1235913",
                                        "profile": "http://iiif.io/api/image/2/level2.json",
                                        "type": "ImageService2"
                                    }
                                ]
                            }
                        }
                    ]
                }
            ]
        }
    ],
    "structures": []
}