{
    "id": "https://www.memoriademadrid.es/iiif/manifest/483809",
    "@context": "http://iiif.io/api/presentation/3/context.json",
    "type": "Manifest",
    "label": {
        "es": [
            "Noticia radiof\u00f3nica sobre la ubicaci\u00f3n de la sede de la asamblea de Madrid, el alcalde Alvarez del Manzano insiste en el viejo cuartel Conde Duque pero Diez Olazabal esta en desacuerdo con la propuesta."
        ]
    },
    "summary": {
        "es": [
            "Digitalizaci\u00f3n del audio proveniente de cinta de Casette.\r\n14 min 25 seg\r\ncinta n\u00ba 36565 numerada por la empresa Servi-radio"
        ]
    },
    "homepage": [
        {
            "id": "https://www.memoriademadrid.es/view/483809",
            "type": "Text",
            "label": {
                "es": [
                    "Home Page"
                ]
            },
            "format": "text/html"
        }
    ],
    "behavior": [
        "continuous"
    ],
    "thumbnail": [
        {
            "id": "https://www.memoriademadrid.es/thumbnail/483809",
            "type": "Image",
            "format": "image/jpeg",
            "width": 1024,
            "height": 614
        }
    ],
    "metadata": [
        {
            "label": {
                "es": [
                    "Fecha digitalizacion"
                ]
            },
            "value": {
                "es": [
                    "2012-05-21"
                ]
            }
        },
        {
            "label": {
                "es": [
                    "edm:isShownBy"
                ]
            },
            "value": {
                "es": [
                    "https://www.memoriademadrid.es/viewer/483809"
                ]
            }
        },
        {
            "label": {
                "es": [
                    "edm:object"
                ]
            },
            "value": {
                "es": [
                    "https://www.memoriademadrid.es/thumbnail/483809"
                ]
            }
        },
        {
            "label": {
                "es": [
                    "OpenAccess Estado"
                ]
            },
            "value": {
                "es": [
                    "PUBLISH"
                ]
            }
        },
        {
            "label": {
                "es": [
                    "OpenAccess Log"
                ]
            },
            "value": {
                "es": [
                    "Published in OpenAccess at 2024.11.11 06:53:43"
                ]
            }
        },
        {
            "label": {
                "es": [
                    "OpenAccess Enlace"
                ]
            },
            "value": {
                "es": [
                    "https://www.memoriademadrid.es/view/483809"
                ]
            }
        },
        {
            "label": {
                "es": [
                    "OpenAccess Colecci\u00f3n"
                ]
            },
            "value": {
                "es": [
                    "260321"
                ]
            }
        },
        {
            "label": {
                "es": [
                    "OpenAccess Perfil"
                ]
            },
            "value": {
                "es": [
                    "Audio"
                ]
            }
        },
        {
            "label": {
                "es": [
                    "OpenAccess ID Esquema de Metadatos"
                ]
            },
            "value": {
                "es": [
                    "4"
                ]
            }
        },
        {
            "label": {
                "es": [
                    "OpenAccess Nombre"
                ]
            },
            "value": {
                "es": [
                    "Noticia radiof\u00f3nica sobre la ubicaci\u00f3n de la sede de la asamblea de Madrid, el alcalde Alvarez del Manzano insiste en el viejo cuartel Conde Duque pero Diez Olazabal esta en desacuerdo con la propuesta."
                ]
            }
        },
        {
            "label": {
                "es": [
                    "ImportadoDesde"
                ]
            },
            "value": {
                "es": [
                    "Vargas"
                ]
            }
        },
        {
            "label": {
                "es": [
                    "Objeto master"
                ]
            },
            "value": {
                "es": [
                    "302.70"
                ]
            }
        },
        {
            "label": {
                "es": [
                    "A\u00f1o Publicaci\u00f3n"
                ]
            },
            "value": {
                "es": [
                    "1994"
                ]
            }
        },
        {
            "label": {
                "es": [
                    "Notas (privadas)"
                ]
            },
            "value": {
                "es": [
                    "Audios radio",
                    "Se trata de dos archivos, caras A y B de la cinta.\r\nLa conversi\u00f3n A-D se ha efectuado con un reproductor de casete Sanyo modelo M 1120 conectado a una tarjeta de audio Intel integrada en la placa, empleando el software Gold Wave v.4.21.\r\nSe ha guardado el master en formato wav."
                ]
            }
        },
        {
            "label": {
                "es": [
                    "Formato"
                ]
            },
            "value": {
                "es": [
                    "audio/mpeg3"
                ]
            }
        },
        {
            "label": {
                "es": [
                    "ID Vargas"
                ]
            },
            "value": {
                "es": [
                    "3735"
                ]
            }
        },
        {
            "label": {
                "es": [
                    "Instituci\u00f3n"
                ]
            },
            "value": {
                "es": [
                    "Conde Duque. Exposiciones"
                ]
            }
        },
        {
            "label": {
                "es": [
                    "Editor"
                ]
            },
            "value": {
                "es": [
                    "Ayuntamiento de Madrid"
                ]
            }
        },
        {
            "label": {
                "es": [
                    "Clase de Patrimonio"
                ]
            },
            "value": {
                "es": [
                    "Patrimonio Bibliogr\u00e1fico"
                ]
            }
        },
        {
            "label": {
                "es": [
                    "Idioma"
                ]
            },
            "value": {
                "es": [
                    "spa"
                ]
            }
        },
        {
            "label": {
                "es": [
                    "Fecha de creaci\u00f3n final"
                ]
            },
            "value": {
                "es": [
                    "1994-12-31"
                ]
            }
        },
        {
            "label": {
                "es": [
                    "Tipo de recurso"
                ]
            },
            "value": {
                "es": [
                    "SOUND"
                ]
            }
        },
        {
            "label": {
                "es": [
                    "T\u00edtulo"
                ]
            },
            "value": {
                "es": [
                    "Noticia radiof\u00f3nica sobre la ubicaci\u00f3n de la sede de la asamblea de Madrid, el alcalde Alvarez del Manzano insiste en el viejo cuartel Conde Duque pero Diez Olazabal esta en desacuerdo con la propuesta."
                ]
            }
        },
        {
            "label": {
                "es": [
                    "Fecha de creaci\u00f3n inicial"
                ]
            },
            "value": {
                "es": [
                    "1994-01-01"
                ]
            }
        },
        {
            "label": {
                "es": [
                    "Fecha de creaci\u00f3n Matiz"
                ]
            },
            "value": {
                "es": [
                    "1994"
                ]
            }
        },
        {
            "label": {
                "es": [
                    "Fecha del registro"
                ]
            },
            "value": {
                "es": [
                    "2012-05-03"
                ]
            }
        },
        {
            "label": {
                "es": [
                    "Lugar"
                ]
            },
            "value": {
                "es": [
                    "Madrid"
                ]
            }
        },
        {
            "label": {
                "es": [
                    "Descripci\u00f3n"
                ]
            },
            "value": {
                "es": [
                    "Digitalizaci\u00f3n del audio proveniente de cinta de Casette.\r\n14 min 25 seg\r\ncinta n\u00ba 36565 numerada por la empresa Servi-radio"
                ]
            }
        },
        {
            "label": {
                "es": [
                    "Tipo de documento"
                ]
            },
            "value": {
                "es": [
                    "Audio"
                ]
            }
        },
        {
            "label": {
                "es": [
                    "Signatura"
                ]
            },
            "value": {
                "es": [
                    "Cintas Audio_36565"
                ]
            }
        },
        {
            "label": {
                "es": [
                    "Comentarios (p\u00fablico)"
                ]
            },
            "value": {
                "es": [
                    "Grabaci\u00f3n radiof\u00f3nica sobre la ubicaci\u00f3n de la nueva sede de la asamblea de Madrid, el alcalde Alvarez del Manzano propone el viejo cuartel Conde Duque pero el presidente de la asamblea Pedro Diez Olazabal no esta de acuerdo con la propuesta y  ve mas viable construir el nuevo edificio en Vallecas en solares propiedad de la comunidad de Madrid."
                ]
            }
        },
        {
            "label": {
                "es": [
                    "Derechos"
                ]
            },
            "value": {
                "es": [
                    "http://creativecommons.org/licenses/by-nc/4.0/"
                ]
            }
        }
    ],
    "items": [
        {
            "id": "https://www.memoriademadrid.es/iiif/483809/canvas/p773226",
            "type": "Canvas",
            "label": {
                "es": [
                    "773226"
                ]
            },
            "duration": 492.53883683691004,
            "thumbnail": [
                {
                    "id": "https://www.memoriademadrid.es/thumbnail/529232",
                    "type": "Image",
                    "format": "image/jpeg",
                    "width": 1024,
                    "height": 614
                }
            ],
            "items": [
                {
                    "id": "https://www.memoriademadrid.es/file/773226/content",
                    "type": "AnnotationPage",
                    "items": [
                        {
                            "id": "https://www.memoriademadrid.es/file/773226/content",
                            "type": "Annotation",
                            "motivation": "painting",
                            "target": "https://www.memoriademadrid.es/file/773226/content",
                            "body": {
                                "id": "https://www.memoriademadrid.es/file/773226/content",
                                "type": "Sound",
                                "format": "audio/mp3"
                            }
                        }
                    ]
                }
            ]
        }
    ],
    "structures": []
}