{
    "id": "https://www.memoriademadrid.es/iiif/manifest/483811",
    "@context": "http://iiif.io/api/presentation/3/context.json",
    "type": "Manifest",
    "label": {
        "es": [
            "Noticia radiof\u00f3nica a cerca de la Inaguraci\u00f3n en el centro cultural Conde Duque de la exposic\u00f3n \"La sima de las penultimas inocencias\" obra del nobel Camilo Jos\u00e9 Cela."
        ]
    },
    "summary": {
        "es": [
            "Digitalizaci\u00f3n del audio proveniente de cinta de Casette.\r\n46 seg\r\nCinta n\u00ba 35144  numerada por la empresa Servi radio"
        ]
    },
    "homepage": [
        {
            "id": "https://www.memoriademadrid.es/view/483811",
            "type": "Text",
            "label": {
                "es": [
                    "Home Page"
                ]
            },
            "format": "text/html"
        }
    ],
    "behavior": [
        "continuous"
    ],
    "thumbnail": [
        {
            "id": "https://www.memoriademadrid.es/thumbnail/483811",
            "type": "Image",
            "format": "image/jpeg",
            "width": 1024,
            "height": 614
        }
    ],
    "metadata": [
        {
            "label": {
                "es": [
                    "Fecha digitalizacion"
                ]
            },
            "value": {
                "es": [
                    "2012-05-21"
                ]
            }
        },
        {
            "label": {
                "es": [
                    "edm:isShownBy"
                ]
            },
            "value": {
                "es": [
                    "https://www.memoriademadrid.es/viewer/483811"
                ]
            }
        },
        {
            "label": {
                "es": [
                    "edm:object"
                ]
            },
            "value": {
                "es": [
                    "https://www.memoriademadrid.es/thumbnail/483811"
                ]
            }
        },
        {
            "label": {
                "es": [
                    "OpenAccess Estado"
                ]
            },
            "value": {
                "es": [
                    "PUBLISH"
                ]
            }
        },
        {
            "label": {
                "es": [
                    "OpenAccess Log"
                ]
            },
            "value": {
                "es": [
                    "Published in OpenAccess at 2024.11.11 06:53:53"
                ]
            }
        },
        {
            "label": {
                "es": [
                    "OpenAccess Enlace"
                ]
            },
            "value": {
                "es": [
                    "https://www.memoriademadrid.es/view/483811"
                ]
            }
        },
        {
            "label": {
                "es": [
                    "OpenAccess Colecci\u00f3n"
                ]
            },
            "value": {
                "es": [
                    "260321"
                ]
            }
        },
        {
            "label": {
                "es": [
                    "OpenAccess Perfil"
                ]
            },
            "value": {
                "es": [
                    "Audio"
                ]
            }
        },
        {
            "label": {
                "es": [
                    "OpenAccess ID Esquema de Metadatos"
                ]
            },
            "value": {
                "es": [
                    "4"
                ]
            }
        },
        {
            "label": {
                "es": [
                    "OpenAccess Nombre"
                ]
            },
            "value": {
                "es": [
                    "Noticia radiof\u00f3nica a cerca de la Inaguraci\u00f3n en el centro cultural Conde Duque de la exposic\u00f3n \"La sima de las penultimas inocencias\" obra del nobel Camilo Jos\u00e9 Cela."
                ]
            }
        },
        {
            "label": {
                "es": [
                    "ImportadoDesde"
                ]
            },
            "value": {
                "es": [
                    "Vargas"
                ]
            }
        },
        {
            "label": {
                "es": [
                    "Objeto master"
                ]
            },
            "value": {
                "es": [
                    "302.65"
                ]
            }
        },
        {
            "label": {
                "es": [
                    "A\u00f1o Publicaci\u00f3n"
                ]
            },
            "value": {
                "es": [
                    "1994"
                ]
            }
        },
        {
            "label": {
                "es": [
                    "Notas (privadas)"
                ]
            },
            "value": {
                "es": [
                    "Audios radio",
                    "Dos cu\u00f1as radiof\u00f3nicas.\r\nLa conversi\u00f3n AD se ha efectuado con un reproductor de casete Sanyo modelo M 1120 conectado a una tarjeta de audio Intel integrada en la placa, empleando el software Gold Wave v.4.21.\r\nSe ha guardado el master en formato PCM wav."
                ]
            }
        },
        {
            "label": {
                "es": [
                    "ID Vargas"
                ]
            },
            "value": {
                "es": [
                    "3736"
                ]
            }
        },
        {
            "label": {
                "es": [
                    "Instituci\u00f3n"
                ]
            },
            "value": {
                "es": [
                    "Conde Duque. Exposiciones"
                ]
            }
        },
        {
            "label": {
                "es": [
                    "Tipo de recurso"
                ]
            },
            "value": {
                "es": [
                    "SOUND"
                ]
            }
        },
        {
            "label": {
                "es": [
                    "Clase de Patrimonio"
                ]
            },
            "value": {
                "es": [
                    "Patrimonio Bibliogr\u00e1fico"
                ]
            }
        },
        {
            "label": {
                "es": [
                    "Editor"
                ]
            },
            "value": {
                "es": [
                    "Ayuntamiento de Madrid"
                ]
            }
        },
        {
            "label": {
                "es": [
                    "Idioma"
                ]
            },
            "value": {
                "es": [
                    "spa"
                ]
            }
        },
        {
            "label": {
                "es": [
                    "Fecha de creaci\u00f3n final"
                ]
            },
            "value": {
                "es": [
                    "1994-04-03"
                ]
            }
        },
        {
            "label": {
                "es": [
                    "Formato"
                ]
            },
            "value": {
                "es": [
                    "audio/mpeg3"
                ]
            }
        },
        {
            "label": {
                "es": [
                    "T\u00edtulo"
                ]
            },
            "value": {
                "es": [
                    "Noticia radiof\u00f3nica a cerca de la Inaguraci\u00f3n en el centro cultural Conde Duque de la exposic\u00f3n \"La sima de las penultimas inocencias\" obra del nobel Camilo Jos\u00e9 Cela."
                ]
            }
        },
        {
            "label": {
                "es": [
                    "Fecha de creaci\u00f3n inicial"
                ]
            },
            "value": {
                "es": [
                    "1994-02-03"
                ]
            }
        },
        {
            "label": {
                "es": [
                    "Fecha del registro"
                ]
            },
            "value": {
                "es": [
                    "2012-05-03"
                ]
            }
        },
        {
            "label": {
                "es": [
                    "Lugar"
                ]
            },
            "value": {
                "es": [
                    "Madrid"
                ]
            }
        },
        {
            "label": {
                "es": [
                    "Descripci\u00f3n"
                ]
            },
            "value": {
                "es": [
                    "Digitalizaci\u00f3n del audio proveniente de cinta de Casette.\r\n46 seg\r\nCinta n\u00ba 35144  numerada por la empresa Servi radio"
                ]
            }
        },
        {
            "label": {
                "es": [
                    "Tipo de documento"
                ]
            },
            "value": {
                "es": [
                    "Audio"
                ]
            }
        },
        {
            "label": {
                "es": [
                    "Signatura"
                ]
            },
            "value": {
                "es": [
                    "Cintas Audio_35144"
                ]
            }
        },
        {
            "label": {
                "es": [
                    "Comentarios (p\u00fablico)"
                ]
            },
            "value": {
                "es": [
                    "Noticias radiofonicas en las que se habla de la exposici\u00f3n en el centro cultural Conde Duque de los manuscritos originales de la obra \"La sima de las penultimas inocencias\" de Camilo Jos\u00e9 Cela.\r\nExposici\u00f3n que permanecio abierta al publico del 3 de febrero al 3 de abril de 1994."
                ]
            }
        },
        {
            "label": {
                "es": [
                    "Derechos"
                ]
            },
            "value": {
                "es": [
                    "http://creativecommons.org/licenses/by-nc/4.0/"
                ]
            }
        }
    ],
    "items": [
        {
            "id": "https://www.memoriademadrid.es/iiif/483811/canvas/p773229",
            "type": "Canvas",
            "label": {
                "es": [
                    "773229"
                ]
            },
            "duration": 46.55021613322129,
            "thumbnail": [
                {
                    "id": "https://www.memoriademadrid.es/thumbnail/529233",
                    "type": "Image",
                    "format": "image/jpeg",
                    "width": 1024,
                    "height": 614
                }
            ],
            "items": [
                {
                    "id": "https://www.memoriademadrid.es/file/773229/content",
                    "type": "AnnotationPage",
                    "items": [
                        {
                            "id": "https://www.memoriademadrid.es/file/773229/content",
                            "type": "Annotation",
                            "motivation": "painting",
                            "target": "https://www.memoriademadrid.es/file/773229/content",
                            "body": {
                                "id": "https://www.memoriademadrid.es/file/773229/content",
                                "type": "Sound",
                                "format": "audio/mp3"
                            }
                        }
                    ]
                }
            ]
        }
    ],
    "structures": []
}