{
    "id": "https://www.memoriademadrid.es/iiif/manifest/483831",
    "@context": "http://iiif.io/api/presentation/3/context.json",
    "type": "Manifest",
    "label": {
        "es": [
            "Presentaci\u00f3n del Alcalde de Madrid, Enrique Tierno Galv\u00e1n, en el Centro Cultural Conde duque, del escritor Camilo Jos\u00e9 Cela para la presentaci\u00f3n de su libro sobre tertulias de los cafes (Conversaciones Espa\u00f1olas)"
        ]
    },
    "summary": {
        "es": [
            "Digitalizaci\u00f3n de audio proveniente de cinta de casette.\r\n4 m. \r\nCinta no numerada"
        ]
    },
    "homepage": [
        {
            "id": "https://www.memoriademadrid.es/view/483831",
            "type": "Text",
            "label": {
                "es": [
                    "Home Page"
                ]
            },
            "format": "text/html"
        }
    ],
    "behavior": [
        "continuous"
    ],
    "thumbnail": [
        {
            "id": "https://www.memoriademadrid.es/thumbnail/483831",
            "type": "Image",
            "format": "image/jpeg",
            "width": 1024,
            "height": 1024
        }
    ],
    "metadata": [
        {
            "label": {
                "es": [
                    "Fecha digitalizacion"
                ]
            },
            "value": {
                "es": [
                    "2012-05-24"
                ]
            }
        },
        {
            "label": {
                "es": [
                    "edm:isShownBy"
                ]
            },
            "value": {
                "es": [
                    "https://www.memoriademadrid.es/viewer/483831"
                ]
            }
        },
        {
            "label": {
                "es": [
                    "edm:object"
                ]
            },
            "value": {
                "es": [
                    "https://www.memoriademadrid.es/thumbnail/483831"
                ]
            }
        },
        {
            "label": {
                "es": [
                    "OpenAccess Estado"
                ]
            },
            "value": {
                "es": [
                    "PUBLISH"
                ]
            }
        },
        {
            "label": {
                "es": [
                    "OpenAccess Log"
                ]
            },
            "value": {
                "es": [
                    "Published in OpenAccess at 2024.11.11 06:55:47"
                ]
            }
        },
        {
            "label": {
                "es": [
                    "OpenAccess Enlace"
                ]
            },
            "value": {
                "es": [
                    "https://www.memoriademadrid.es/view/483831"
                ]
            }
        },
        {
            "label": {
                "es": [
                    "OpenAccess Colecci\u00f3n"
                ]
            },
            "value": {
                "es": [
                    "260321"
                ]
            }
        },
        {
            "label": {
                "es": [
                    "OpenAccess Perfil"
                ]
            },
            "value": {
                "es": [
                    "Audio"
                ]
            }
        },
        {
            "label": {
                "es": [
                    "OpenAccess ID Esquema de Metadatos"
                ]
            },
            "value": {
                "es": [
                    "4"
                ]
            }
        },
        {
            "label": {
                "es": [
                    "OpenAccess Nombre"
                ]
            },
            "value": {
                "es": [
                    "Presentaci\u00f3n del Alcalde de Madrid, Enrique Tierno Galv\u00e1n, en el Centro Cultural Conde duque, del escritor Camilo Jos\u00e9 Cela para la presentaci\u00f3n de su libro sobre tertulias de los cafes (Conversaciones Espa\u00f1olas)"
                ]
            }
        },
        {
            "label": {
                "es": [
                    "ImportadoDesde"
                ]
            },
            "value": {
                "es": [
                    "Vargas"
                ]
            }
        },
        {
            "label": {
                "es": [
                    "Objeto master"
                ]
            },
            "value": {
                "es": [
                    "302.79"
                ]
            }
        },
        {
            "label": {
                "es": [
                    "A\u00f1o Publicaci\u00f3n"
                ]
            },
            "value": {
                "es": [
                    "1987"
                ]
            }
        },
        {
            "label": {
                "es": [
                    "Notas (privadas)"
                ]
            },
            "value": {
                "es": [
                    "Audios radio",
                    "La conversi\u00f3n AD se ha efectuado con un reproductor de casete Sanyo modelo M 1120 conectado a una tarjeta de audio Intel integrada en la placa, empleando el software Gold Wave v.4.21.\r\nSe ha guardado el master en formato PCM wav."
                ]
            }
        },
        {
            "label": {
                "es": [
                    "Formato"
                ]
            },
            "value": {
                "es": [
                    "audio/mpeg3"
                ]
            }
        },
        {
            "label": {
                "es": [
                    "ID Vargas"
                ]
            },
            "value": {
                "es": [
                    "4165"
                ]
            }
        },
        {
            "label": {
                "es": [
                    "Instituci\u00f3n"
                ]
            },
            "value": {
                "es": [
                    "Conde Duque. Exposiciones"
                ]
            }
        },
        {
            "label": {
                "es": [
                    "Editor"
                ]
            },
            "value": {
                "es": [
                    "Ayuntamiento de Madrid"
                ]
            }
        },
        {
            "label": {
                "es": [
                    "Clase de Patrimonio"
                ]
            },
            "value": {
                "es": [
                    "Patrimonio Bibliogr\u00e1fico"
                ]
            }
        },
        {
            "label": {
                "es": [
                    "Idioma"
                ]
            },
            "value": {
                "es": [
                    "spa"
                ]
            }
        },
        {
            "label": {
                "es": [
                    "Fecha de creaci\u00f3n final"
                ]
            },
            "value": {
                "es": [
                    "1987-12-31"
                ]
            }
        },
        {
            "label": {
                "es": [
                    "Tipo de recurso"
                ]
            },
            "value": {
                "es": [
                    "SOUND"
                ]
            }
        },
        {
            "label": {
                "es": [
                    "T\u00edtulo"
                ]
            },
            "value": {
                "es": [
                    "Presentaci\u00f3n del Alcalde de Madrid, Enrique Tierno Galv\u00e1n, en el Centro Cultural Conde duque, del escritor Camilo Jos\u00e9 Cela para la presentaci\u00f3n de su libro sobre tertulias de los cafes (Conversaciones Espa\u00f1olas)"
                ]
            }
        },
        {
            "label": {
                "es": [
                    "Fecha de creaci\u00f3n inicial"
                ]
            },
            "value": {
                "es": [
                    "1987-01-01"
                ]
            }
        },
        {
            "label": {
                "es": [
                    "Fecha de creaci\u00f3n Matiz"
                ]
            },
            "value": {
                "es": [
                    "1987"
                ]
            }
        },
        {
            "label": {
                "es": [
                    "Fecha del registro"
                ]
            },
            "value": {
                "es": [
                    "2012-05-03"
                ]
            }
        },
        {
            "label": {
                "es": [
                    "Lugar"
                ]
            },
            "value": {
                "es": [
                    "Madrid"
                ]
            }
        },
        {
            "label": {
                "es": [
                    "Descripci\u00f3n"
                ]
            },
            "value": {
                "es": [
                    "Digitalizaci\u00f3n de audio proveniente de cinta de casette.\r\n4 m. \r\nCinta no numerada"
                ]
            }
        },
        {
            "label": {
                "es": [
                    "Tipo de documento"
                ]
            },
            "value": {
                "es": [
                    "Audio"
                ]
            }
        },
        {
            "label": {
                "es": [
                    "Signatura"
                ]
            },
            "value": {
                "es": [
                    "C.Duque s/sig"
                ]
            }
        },
        {
            "label": {
                "es": [
                    "Comentarios (p\u00fablico)"
                ]
            },
            "value": {
                "es": [
                    "Presentaci\u00f3n de Enrique Tierno Galv\u00e1n en el Centro Cultural Conde Duque, del escritor, Camilo Jos\u00e9 Cela, y discurso de \u00e9l sobre su obra literaria."
                ]
            }
        },
        {
            "label": {
                "es": [
                    "Derechos"
                ]
            },
            "value": {
                "es": [
                    "http://creativecommons.org/licenses/by-nc/4.0/"
                ]
            }
        }
    ],
    "items": [
        {
            "id": "https://www.memoriademadrid.es/iiif/483831/canvas/p773259",
            "type": "Canvas",
            "label": {
                "es": [
                    "773259"
                ]
            },
            "duration": 240.32653089071707,
            "thumbnail": [
                {
                    "id": "https://www.memoriademadrid.es/thumbnail/529243",
                    "type": "Image",
                    "format": "image/jpeg",
                    "width": 1024,
                    "height": 1024
                }
            ],
            "items": [
                {
                    "id": "https://www.memoriademadrid.es/file/773259/content",
                    "type": "AnnotationPage",
                    "items": [
                        {
                            "id": "https://www.memoriademadrid.es/file/773259/content",
                            "type": "Annotation",
                            "motivation": "painting",
                            "target": "https://www.memoriademadrid.es/file/773259/content",
                            "body": {
                                "id": "https://www.memoriademadrid.es/file/773259/content",
                                "type": "Sound",
                                "format": "audio/mp3"
                            }
                        }
                    ]
                }
            ]
        }
    ],
    "structures": []
}