{
    "id": "https://www.memoriademadrid.es/iiif/manifest/483841",
    "@context": "http://iiif.io/api/presentation/3/context.json",
    "type": "Manifest",
    "label": {
        "es": [
            "Grabaci\u00f3n Radiof\u00f3nica en la que Carlos Iriarte, director de la Videoteca de Madrid en Conde Duque, nos explica como va a celebrar la Videoteca los 40 a\u00f1os del Rock and Roll."
        ]
    },
    "summary": {
        "es": [
            "Digitalizaci\u00f3n del audio proveniente de cinta de casette.\r\n6 min 15 seg\r\nCinta n\u00ba 34040, numerada por la empresa Servi-radio"
        ]
    },
    "homepage": [
        {
            "id": "https://www.memoriademadrid.es/view/483841",
            "type": "Text",
            "label": {
                "es": [
                    "Home Page"
                ]
            },
            "format": "text/html"
        }
    ],
    "behavior": [
        "continuous"
    ],
    "thumbnail": [
        {
            "id": "https://www.memoriademadrid.es/thumbnail/483841",
            "type": "Image",
            "format": "image/jpeg",
            "width": 1024,
            "height": 1024
        }
    ],
    "metadata": [
        {
            "label": {
                "es": [
                    "Fecha digitalizacion"
                ]
            },
            "value": {
                "es": [
                    "2012-05-24"
                ]
            }
        },
        {
            "label": {
                "es": [
                    "edm:isShownBy"
                ]
            },
            "value": {
                "es": [
                    "https://www.memoriademadrid.es/viewer/483841"
                ]
            }
        },
        {
            "label": {
                "es": [
                    "edm:object"
                ]
            },
            "value": {
                "es": [
                    "https://www.memoriademadrid.es/thumbnail/483841"
                ]
            }
        },
        {
            "label": {
                "es": [
                    "OpenAccess Estado"
                ]
            },
            "value": {
                "es": [
                    "PUBLISH"
                ]
            }
        },
        {
            "label": {
                "es": [
                    "OpenAccess Log"
                ]
            },
            "value": {
                "es": [
                    "Published in OpenAccess at 2024.11.11 06:56:43"
                ]
            }
        },
        {
            "label": {
                "es": [
                    "OpenAccess Enlace"
                ]
            },
            "value": {
                "es": [
                    "https://www.memoriademadrid.es/view/483841"
                ]
            }
        },
        {
            "label": {
                "es": [
                    "OpenAccess Colecci\u00f3n"
                ]
            },
            "value": {
                "es": [
                    "260321"
                ]
            }
        },
        {
            "label": {
                "es": [
                    "OpenAccess Perfil"
                ]
            },
            "value": {
                "es": [
                    "Audio"
                ]
            }
        },
        {
            "label": {
                "es": [
                    "OpenAccess ID Esquema de Metadatos"
                ]
            },
            "value": {
                "es": [
                    "4"
                ]
            }
        },
        {
            "label": {
                "es": [
                    "OpenAccess Nombre"
                ]
            },
            "value": {
                "es": [
                    "Grabaci\u00f3n Radiof\u00f3nica en la que Carlos Iriarte, director de la Videoteca de Madrid en Conde Duque, nos explica como va a celebrar la Videoteca los 40 a\u00f1os del Rock and Roll."
                ]
            }
        },
        {
            "label": {
                "es": [
                    "ImportadoDesde"
                ]
            },
            "value": {
                "es": [
                    "Vargas"
                ]
            }
        },
        {
            "label": {
                "es": [
                    "Objeto master"
                ]
            },
            "value": {
                "es": [
                    "302.64"
                ]
            }
        },
        {
            "label": {
                "es": [
                    "A\u00f1o Publicaci\u00f3n"
                ]
            },
            "value": {
                "es": [
                    "1994"
                ]
            }
        },
        {
            "label": {
                "es": [
                    "Notas (privadas)"
                ]
            },
            "value": {
                "es": [
                    "Audios radio",
                    "La conversi\u00f3n AD se ha efectuado con un reproductor de casete Sanyo modelo M 1120 conectado a una tarjeta de audio Intel integrada en la placa, empleando el software Gold Wave v.4.21.\r\nSe ha guardado el master en formato PCM wav."
                ]
            }
        },
        {
            "label": {
                "es": [
                    "Formato"
                ]
            },
            "value": {
                "es": [
                    "audio/mpeg3"
                ]
            }
        },
        {
            "label": {
                "es": [
                    "ID Vargas"
                ]
            },
            "value": {
                "es": [
                    "4172"
                ]
            }
        },
        {
            "label": {
                "es": [
                    "Instituci\u00f3n"
                ]
            },
            "value": {
                "es": [
                    "Conde Duque. Exposiciones"
                ]
            }
        },
        {
            "label": {
                "es": [
                    "Editor"
                ]
            },
            "value": {
                "es": [
                    "Ayuntamiento de Madrid"
                ]
            }
        },
        {
            "label": {
                "es": [
                    "Clase de Patrimonio"
                ]
            },
            "value": {
                "es": [
                    "Patrimonio Bibliogr\u00e1fico"
                ]
            }
        },
        {
            "label": {
                "es": [
                    "Idioma"
                ]
            },
            "value": {
                "es": [
                    "spa"
                ]
            }
        },
        {
            "label": {
                "es": [
                    "Fecha de creaci\u00f3n final"
                ]
            },
            "value": {
                "es": [
                    "1994-12-31"
                ]
            }
        },
        {
            "label": {
                "es": [
                    "Tipo de recurso"
                ]
            },
            "value": {
                "es": [
                    "SOUND"
                ]
            }
        },
        {
            "label": {
                "es": [
                    "T\u00edtulo"
                ]
            },
            "value": {
                "es": [
                    "Grabaci\u00f3n Radiof\u00f3nica en la que Carlos Iriarte, director de la Videoteca de Madrid en Conde Duque, nos explica como va a celebrar la Videoteca los 40 a\u00f1os del Rock and Roll."
                ]
            }
        },
        {
            "label": {
                "es": [
                    "Fecha de creaci\u00f3n inicial"
                ]
            },
            "value": {
                "es": [
                    "1994-01-01"
                ]
            }
        },
        {
            "label": {
                "es": [
                    "Fecha de creaci\u00f3n Matiz"
                ]
            },
            "value": {
                "es": [
                    "1994"
                ]
            }
        },
        {
            "label": {
                "es": [
                    "Fecha del registro"
                ]
            },
            "value": {
                "es": [
                    "2012-05-03"
                ]
            }
        },
        {
            "label": {
                "es": [
                    "Lugar"
                ]
            },
            "value": {
                "es": [
                    "Madrid"
                ]
            }
        },
        {
            "label": {
                "es": [
                    "Descripci\u00f3n"
                ]
            },
            "value": {
                "es": [
                    "Digitalizaci\u00f3n del audio proveniente de cinta de casette.\r\n6 min 15 seg\r\nCinta n\u00ba 34040, numerada por la empresa Servi-radio"
                ]
            }
        },
        {
            "label": {
                "es": [
                    "Tipo de documento"
                ]
            },
            "value": {
                "es": [
                    "Audio"
                ]
            }
        },
        {
            "label": {
                "es": [
                    "Signatura"
                ]
            },
            "value": {
                "es": [
                    "Cintas Audio_33040"
                ]
            }
        },
        {
            "label": {
                "es": [
                    "Comentarios (p\u00fablico)"
                ]
            },
            "value": {
                "es": [
                    "Carlos Iriart nos explica como va a celebrar la videoteca de Madrid en Conde Duque los 40 a\u00f1os de Rock and Roll afirma que se proyectaran  varias peliculas sobre el tema que en su dia no se estrenaron en Espa\u00f1a y facilitaran el acceso a abundante material audiovisual sobre el tema."
                ]
            }
        },
        {
            "label": {
                "es": [
                    "Derechos"
                ]
            },
            "value": {
                "es": [
                    "http://creativecommons.org/licenses/by-nc/4.0/"
                ]
            }
        }
    ],
    "items": [
        {
            "id": "https://www.memoriademadrid.es/iiif/483841/canvas/p773274",
            "type": "Canvas",
            "label": {
                "es": [
                    "773274"
                ]
            },
            "duration": 375.35353114408457,
            "thumbnail": [
                {
                    "id": "https://www.memoriademadrid.es/thumbnail/529248",
                    "type": "Image",
                    "format": "image/jpeg",
                    "width": 1024,
                    "height": 1024
                }
            ],
            "items": [
                {
                    "id": "https://www.memoriademadrid.es/file/773274/content",
                    "type": "AnnotationPage",
                    "items": [
                        {
                            "id": "https://www.memoriademadrid.es/file/773274/content",
                            "type": "Annotation",
                            "motivation": "painting",
                            "target": "https://www.memoriademadrid.es/file/773274/content",
                            "body": {
                                "id": "https://www.memoriademadrid.es/file/773274/content",
                                "type": "Sound",
                                "format": "audio/mp3"
                            }
                        }
                    ]
                }
            ]
        }
    ],
    "structures": []
}