{
    "id": "https://www.memoriademadrid.es/iiif/manifest/507170",
    "@context": "http://iiif.io/api/presentation/3/context.json",
    "type": "Manifest",
    "label": {
        "es": [
            "Fuente del Cisne en el Paseo de la Castellana"
        ]
    },
    "summary": {
        "es": [
            "Cartulina sepia.\r\nAlb\u00famina.\r\n43 x 32 cm.\r\nFotograf\u00eda contenida en un \u00e1lbum procedente del Archivo de Villa y trasladado al Museo de Historia en 1983.\r\n\r\nEn la portada del album: \"Album fotogr\u00e1fico de varias fuentes vecinales y de ornato existentes en la M. H. Villa de Madrid siendo Corregidor el Excmo. Se\u00f1or D. Jos\u00e9 de Osorio y Silva, Duque de Sexto, y comisario del ramo de fontaner\u00eda el Se\u00f1or D. Juan Bautista Peyronnet. A\u00f1o 1864\"\r\n\r\nSello en hueco \u00e1ngulo inferior derecho de cada fotograf\u00eda: \"FOTOGRAFIA / A. BEGUE / LUNA 38 / MADRID\"."
        ]
    },
    "homepage": [
        {
            "id": "https://www.memoriademadrid.es/view/507170",
            "type": "Text",
            "label": {
                "es": [
                    "Home Page"
                ]
            },
            "format": "text/html"
        }
    ],
    "behavior": [
        "continuous"
    ],
    "thumbnail": [
        {
            "id": "https://www.memoriademadrid.es/thumbnail/507170",
            "type": "Image",
            "format": "image/jpeg",
            "width": 1024,
            "height": 792
        }
    ],
    "metadata": [
        {
            "label": {
                "es": [
                    "A\u00f1o Publicaci\u00f3n"
                ]
            },
            "value": {
                "es": [
                    "1864"
                ]
            }
        },
        {
            "label": {
                "es": [
                    "edm:provider"
                ]
            },
            "value": {
                "es": [
                    "Hispana"
                ]
            }
        },
        {
            "label": {
                "es": [
                    "edm:object"
                ]
            },
            "value": {
                "es": [
                    "https://www.memoriademadrid.es/thumbnail/507170"
                ]
            }
        },
        {
            "label": {
                "es": [
                    "edm:isShownBy"
                ]
            },
            "value": {
                "es": [
                    "https://www.memoriademadrid.es/viewer/507170"
                ]
            }
        },
        {
            "label": {
                "es": [
                    "OpenAccess Enlace"
                ]
            },
            "value": {
                "es": [
                    "https://www.memoriademadrid.es/view/507170"
                ]
            }
        },
        {
            "label": {
                "es": [
                    "OpenAccess Estado"
                ]
            },
            "value": {
                "es": [
                    "PUBLISH"
                ]
            }
        },
        {
            "label": {
                "es": [
                    "URL Derechos"
                ]
            },
            "value": {
                "es": [
                    "<a href=http://creativecommons.org/licenses/by-nc/4.0/ >Creative Commons BY-NC 4.0</a>"
                ]
            }
        },
        {
            "label": {
                "es": [
                    "Clase de Patrimonio"
                ]
            },
            "value": {
                "es": [
                    "Patrimonio art\u00edstico"
                ]
            }
        },
        {
            "label": {
                "es": [
                    "OpenAccess Log"
                ]
            },
            "value": {
                "es": [
                    "Updated in OpenAccess at 2025.05.30 06:33:27"
                ]
            }
        },
        {
            "label": {
                "es": [
                    "VisorMapa"
                ]
            },
            "value": {
                "es": [
                    "SXIXCastro"
                ]
            }
        },
        {
            "label": {
                "es": [
                    "OpenAccess Perfil"
                ]
            },
            "value": {
                "es": [
                    "Imagen"
                ]
            }
        },
        {
            "label": {
                "es": [
                    "OpenAccess Colecci\u00f3n"
                ]
            },
            "value": {
                "es": [
                    "260321"
                ]
            }
        },
        {
            "label": {
                "es": [
                    "OpenAccess ID Esquema de Metadatos"
                ]
            },
            "value": {
                "es": [
                    "4"
                ]
            }
        },
        {
            "label": {
                "es": [
                    "OpenAccess Nombre"
                ]
            },
            "value": {
                "es": [
                    "Fuente del Cisne en el Paseo de la Castellana"
                ]
            }
        },
        {
            "label": {
                "es": [
                    "ImportadoDesde"
                ]
            },
            "value": {
                "es": [
                    "Vargas"
                ]
            }
        },
        {
            "label": {
                "es": [
                    "ID Vargas"
                ]
            },
            "value": {
                "es": [
                    "228551"
                ]
            }
        },
        {
            "label": {
                "es": [
                    "Notas (privadas)"
                ]
            },
            "value": {
                "es": [
                    "Mira Madrid. Paseo de la Castellana"
                ]
            }
        },
        {
            "label": {
                "es": [
                    "Instituci\u00f3n"
                ]
            },
            "value": {
                "es": [
                    "Museo de Historia"
                ]
            }
        },
        {
            "label": {
                "es": [
                    "Formato"
                ]
            },
            "value": {
                "es": [
                    "image/jpeg"
                ]
            }
        },
        {
            "label": {
                "es": [
                    "Tipo de recurso"
                ]
            },
            "value": {
                "es": [
                    "IMAGE"
                ]
            }
        },
        {
            "label": {
                "es": [
                    "Editor"
                ]
            },
            "value": {
                "es": [
                    "Ayuntamiento de Madrid"
                ]
            }
        },
        {
            "label": {
                "es": [
                    "Latitud/Longitud WGS 84"
                ]
            },
            "value": {
                "es": [
                    "40.43309832,-3.68823619"
                ]
            }
        },
        {
            "label": {
                "es": [
                    "Idioma"
                ]
            },
            "value": {
                "es": [
                    "spa"
                ]
            }
        },
        {
            "label": {
                "es": [
                    "Autor"
                ]
            },
            "value": {
                "es": [
                    "Alfonso BEGU\u00c9"
                ]
            }
        },
        {
            "label": {
                "es": [
                    "T\u00edtulo"
                ]
            },
            "value": {
                "es": [
                    "Fuente del Cisne en el Paseo de la Castellana"
                ]
            }
        },
        {
            "label": {
                "es": [
                    "Fecha de creaci\u00f3n Matiz"
                ]
            },
            "value": {
                "es": [
                    "1864"
                ]
            }
        },
        {
            "label": {
                "es": [
                    "Fecha de creaci\u00f3n inicial"
                ]
            },
            "value": {
                "es": [
                    "1864-01-01"
                ]
            }
        },
        {
            "label": {
                "es": [
                    "Fecha del registro"
                ]
            },
            "value": {
                "es": [
                    "2016-05-06"
                ]
            }
        },
        {
            "label": {
                "es": [
                    "Lugar"
                ]
            },
            "value": {
                "es": [
                    "Madrid"
                ]
            }
        },
        {
            "label": {
                "es": [
                    "Descripci\u00f3n"
                ]
            },
            "value": {
                "es": [
                    "Cartulina sepia.\r\nAlb\u00famina.\r\n43 x 32 cm.\r\nFotograf\u00eda contenida en un \u00e1lbum procedente del Archivo de Villa y trasladado al Museo de Historia en 1983.\r\n\r\nEn la portada del album: \"Album fotogr\u00e1fico de varias fuentes vecinales y de ornato existentes en la M. H. Villa de Madrid siendo Corregidor el Excmo. Se\u00f1or D. Jos\u00e9 de Osorio y Silva, Duque de Sexto, y comisario del ramo de fontaner\u00eda el Se\u00f1or D. Juan Bautista Peyronnet. A\u00f1o 1864\"\r\n\r\nSello en hueco \u00e1ngulo inferior derecho de cada fotograf\u00eda: \"FOTOGRAFIA / A. BEGUE / LUNA 38 / MADRID\"."
                ]
            }
        },
        {
            "label": {
                "es": [
                    "Tipo de documento"
                ]
            },
            "value": {
                "es": [
                    "Fotograf\u00edas"
                ]
            }
        },
        {
            "label": {
                "es": [
                    "Signatura"
                ]
            },
            "value": {
                "es": [
                    "Inv. 21986-7"
                ]
            }
        },
        {
            "label": {
                "es": [
                    "Materia"
                ]
            },
            "value": {
                "es": [
                    "Paseo de la Castellana",
                    "Fuentes"
                ]
            }
        },
        {
            "label": {
                "es": [
                    "Comentarios (p\u00fablico)"
                ]
            },
            "value": {
                "es": [
                    "Comenta Ricardo M\u00e1rquez en su blog \"Historias Matritenses\" que la fuente \"fue famosa por dar el nombre al paseo del Cisne (actual calle Eduardo Dato, que era a la altura que estaba). Muy probablemente se instal\u00f3 en aquel lugar en 1839, y parece que el cisne estaba anteriormente en uno de los patios del convento de San Felipe el Real.\r\n\r\nSe desmont\u00f3 en el primer semestre de 1965. Despu\u00e9s se puso la escultura en la fuente de la Plaza de Santa Ana en el a\u00f1o 1968."
                ]
            }
        },
        {
            "label": {
                "es": [
                    "Derechos"
                ]
            },
            "value": {
                "es": [
                    "http://creativecommons.org/licenses/by-nc/4.0/"
                ]
            }
        }
    ],
    "items": [
        {
            "id": "https://www.memoriademadrid.es/iiif/507170/canvas/p1",
            "type": "Canvas",
            "label": {
                "es": [
                    1
                ]
            },
            "width": 950,
            "height": 735,
            "thumbnail": [
                {
                    "id": "https://www.memoriademadrid.es/iiif/3/1263273/full/^500,/0/default.jpg",
                    "type": "Image",
                    "format": "image/jpeg",
                    "width": 500,
                    "height": 387,
                    "services": [
                        {
                            "id": "https://www.memoriademadrid.es/iiif/3/1263273",
                            "profile": "http://iiif.io/api/image/3/level1.json",
                            "@type": "http://iiif.io/api/image/3/context.json"
                        }
                    ]
                }
            ],
            "items": [
                {
                    "id": "https://www.memoriademadrid.es/iiif/3/1263273",
                    "type": "AnnotationPage",
                    "items": [
                        {
                            "id": "https://www.memoriademadrid.es/iiif/3/1263273",
                            "type": "Annotation",
                            "motivation": "painting",
                            "target": "https://www.memoriademadrid.es/iiif/3/1263273",
                            "body": {
                                "id": "https://www.memoriademadrid.es/iiif/3/1263273/full/^950,/0/default.jpg",
                                "type": "Image",
                                "format": "image/jpeg",
                                "width": 950,
                                "height": 735,
                                "service": [
                                    {
                                        "id": "https://www.memoriademadrid.es/iiif/2/1263273",
                                        "profile": "http://iiif.io/api/image/2/level2.json",
                                        "type": "ImageService2"
                                    }
                                ]
                            }
                        }
                    ]
                }
            ]
        },
        {
            "id": "https://www.memoriademadrid.es/iiif/507170/canvas/p2",
            "type": "Canvas",
            "label": {
                "es": [
                    2
                ]
            },
            "width": 950,
            "height": 735,
            "thumbnail": [
                {
                    "id": "https://www.memoriademadrid.es/iiif/3/1263280/full/^500,/0/default.jpg",
                    "type": "Image",
                    "format": "image/jpeg",
                    "width": 500,
                    "height": 387,
                    "services": [
                        {
                            "id": "https://www.memoriademadrid.es/iiif/3/1263280",
                            "profile": "http://iiif.io/api/image/3/level1.json",
                            "@type": "http://iiif.io/api/image/3/context.json"
                        }
                    ]
                }
            ],
            "items": [
                {
                    "id": "https://www.memoriademadrid.es/iiif/3/1263280",
                    "type": "AnnotationPage",
                    "items": [
                        {
                            "id": "https://www.memoriademadrid.es/iiif/3/1263280",
                            "type": "Annotation",
                            "motivation": "painting",
                            "target": "https://www.memoriademadrid.es/iiif/3/1263280",
                            "body": {
                                "id": "https://www.memoriademadrid.es/iiif/3/1263280/full/^950,/0/default.jpg",
                                "type": "Image",
                                "format": "image/jpeg",
                                "width": 950,
                                "height": 735,
                                "service": [
                                    {
                                        "id": "https://www.memoriademadrid.es/iiif/2/1263280",
                                        "profile": "http://iiif.io/api/image/2/level2.json",
                                        "type": "ImageService2"
                                    }
                                ]
                            }
                        }
                    ]
                }
            ]
        }
    ],
    "structures": []
}