{
    "id": "https://www.memoriademadrid.es/iiif/manifest/536638",
    "@context": "http://iiif.io/api/presentation/3/context.json",
    "type": "Manifest",
    "label": {
        "es": [
            "Plato de loza popular manisera"
        ]
    },
    "summary": {
        "es": [
            "Loza  Esmalte estann\u00edfero\r\nPintura a mano alzada  \r\nTorneado. Vidriado estann\u00edfero\r\nAltura = 4,5 cm; Di\u00e1metro = 33 cm; Ala = 4.7 cm.\r\nEn la base, Pintura a mano alzada \"A.S:\"  (Arenes)"
        ]
    },
    "homepage": [
        {
            "id": "https://www.memoriademadrid.es/view/536638",
            "type": "Text",
            "label": {
                "es": [
                    "Home Page"
                ]
            },
            "format": "text/html"
        }
    ],
    "behavior": [
        "continuous"
    ],
    "thumbnail": [
        {
            "id": "https://www.memoriademadrid.es/thumbnail/536638",
            "type": "Image",
            "format": "image/jpeg",
            "width": 1024,
            "height": 892
        }
    ],
    "metadata": [
        {
            "label": {
                "es": [
                    "Formato"
                ]
            },
            "value": {
                "es": [
                    "image/jpeg"
                ]
            }
        },
        {
            "label": {
                "es": [
                    "edm:isShownBy"
                ]
            },
            "value": {
                "es": [
                    "https://www.memoriademadrid.es/viewer/536638"
                ]
            }
        },
        {
            "label": {
                "es": [
                    "edm:object"
                ]
            },
            "value": {
                "es": [
                    "https://www.memoriademadrid.es/thumbnail/536638"
                ]
            }
        },
        {
            "label": {
                "es": [
                    "OpenAccess Estado"
                ]
            },
            "value": {
                "es": [
                    "PUBLISH"
                ]
            }
        },
        {
            "label": {
                "es": [
                    "OpenAccess Perfil"
                ]
            },
            "value": {
                "es": [
                    "Imagen"
                ]
            }
        },
        {
            "label": {
                "es": [
                    "OpenAccess Colecci\u00f3n"
                ]
            },
            "value": {
                "es": [
                    "260321"
                ]
            }
        },
        {
            "label": {
                "es": [
                    "OpenAccess ID Esquema de Metadatos"
                ]
            },
            "value": {
                "es": [
                    "4"
                ]
            }
        },
        {
            "label": {
                "es": [
                    "OpenAccess Nombre"
                ]
            },
            "value": {
                "es": [
                    "Plato de loza popular manisera"
                ]
            }
        },
        {
            "label": {
                "es": [
                    "ImportadoDesde"
                ]
            },
            "value": {
                "es": [
                    "Vargas"
                ]
            }
        },
        {
            "label": {
                "es": [
                    "A\u00f1o Publicaci\u00f3n"
                ]
            },
            "value": {
                "es": [
                    "1801"
                ]
            }
        },
        {
            "label": {
                "es": [
                    "ID Vargas"
                ]
            },
            "value": {
                "es": [
                    "11838"
                ]
            }
        },
        {
            "label": {
                "es": [
                    "Tipo de recurso"
                ]
            },
            "value": {
                "es": [
                    "IMAGE"
                ]
            }
        },
        {
            "label": {
                "es": [
                    "Editor"
                ]
            },
            "value": {
                "es": [
                    "Ayuntamiento de Madrid. \u00c1rea de Las Artes"
                ]
            }
        },
        {
            "label": {
                "es": [
                    "Fecha de creaci\u00f3n final"
                ]
            },
            "value": {
                "es": [
                    "1801-12-31"
                ]
            }
        },
        {
            "label": {
                "es": [
                    "Idioma"
                ]
            },
            "value": {
                "es": [
                    "spa"
                ]
            }
        },
        {
            "label": {
                "es": [
                    "Clase de Patrimonio"
                ]
            },
            "value": {
                "es": [
                    "Patrimonio Art\u00edstico"
                ]
            }
        },
        {
            "label": {
                "es": [
                    "Instituci\u00f3n"
                ]
            },
            "value": {
                "es": [
                    "Museo de San Isidro"
                ]
            }
        },
        {
            "label": {
                "es": [
                    "T\u00edtulo"
                ]
            },
            "value": {
                "es": [
                    "Plato de loza popular manisera"
                ]
            }
        },
        {
            "label": {
                "es": [
                    "Fecha de creaci\u00f3n Matiz"
                ]
            },
            "value": {
                "es": [
                    "Siglo XIX"
                ]
            }
        },
        {
            "label": {
                "es": [
                    "Fecha del registro"
                ]
            },
            "value": {
                "es": [
                    "2012-07-04"
                ]
            }
        },
        {
            "label": {
                "es": [
                    "Fecha de creaci\u00f3n inicial"
                ]
            },
            "value": {
                "es": [
                    "1801-01-01"
                ]
            }
        },
        {
            "label": {
                "es": [
                    "Descripci\u00f3n"
                ]
            },
            "value": {
                "es": [
                    "Loza  Esmalte estann\u00edfero\r\nPintura a mano alzada  \r\nTorneado. Vidriado estann\u00edfero\r\nAltura = 4,5 cm; Di\u00e1metro = 33 cm; Ala = 4.7 cm.\r\nEn la base, Pintura a mano alzada \"A.S:\"  (Arenes)"
                ]
            }
        },
        {
            "label": {
                "es": [
                    "Tipo de documento"
                ]
            },
            "value": {
                "es": [
                    "Cer\u00e1micas y porcelanas"
                ]
            }
        },
        {
            "label": {
                "es": [
                    "Signatura"
                ]
            },
            "value": {
                "es": [
                    "Inv. CE2002/7/03"
                ]
            }
        },
        {
            "label": {
                "es": [
                    "Materia"
                ]
            },
            "value": {
                "es": [
                    "Vajillas",
                    "Loza"
                ]
            }
        },
        {
            "label": {
                "es": [
                    "Comentarios (p\u00fablico)"
                ]
            },
            "value": {
                "es": [
                    "Plato llano de loza popular con decoraci\u00f3n pol\u00edcroma al interior al que se le han practicado dos perforaciones en el ala para poder ser colgado. Por ala, pared y parte del fondo se distribuyen de manera alterna tres medallones con forma de granada que encierran \u00e1rboles con copas triangulares y tres pa\u00f1oletas de fondo amarillo adornadas con una flor naranja y tres grupos de tres hojas verdes cada una. Cada medall\u00f3n est\u00e1 flanqueado por dos ramas verdes de mirto o laurel y se corona con un penacho de hojas moradas, mientras que las pa\u00f1oletas se adornan con aretes anaranjados en sus picos. \r\n\r\nLos huecos que dejan vac\u00edos estos motivos se rellenan enteramente con puntos azules salvo en el centro del plato en donde se reserva un espacio en blanco en el que resalta un casi irreconocible \u00e1rbol, con tres gruesas ramas de color anaranjado de las que brotan min\u00fasculas hojitas verdes. En contraposici\u00f3n, en los \u00e1rboles de los medallones no se detallan ni ramas ni hojas siluete\u00e1ndose s\u00f3lo el tronco y la copa cuyos contornos se desfilan en cortos trazos paralelos y horizontales para obtener un aspecto de frondosidad. Esta ejecuci\u00f3n, aunque m\u00e1s simple, est\u00e1 m\u00e1s en consonancia con las habilidades t\u00e9cnicas de la pintora, por lo que el resultado obtenido es m\u00e1s realista que en el motivo central, aunque no lo suficiente como para poder adivinar la especie, circunstancia habitual en las decoraciones de Manises del XIX donde los \u00e1rboles son siempre irreconocibles, a no ser que se trate de ejemplares de silueta muy caracter\u00edstica como cipreses o palmeras. Presenta dos orificios circulares realizados con posterioridad para colgar la pieza."
                ]
            }
        },
        {
            "label": {
                "es": [
                    "Derechos"
                ]
            },
            "value": {
                "es": [
                    "http://creativecommons.org/licenses/by-nc/4.0/"
                ]
            }
        }
    ],
    "items": [
        {
            "id": "https://www.memoriademadrid.es/iiif/536638/canvas/p1",
            "type": "Canvas",
            "label": {
                "es": [
                    1
                ]
            },
            "width": 750,
            "height": 653,
            "thumbnail": [
                {
                    "id": "https://www.memoriademadrid.es/iiif/3/794134/full/^500,/0/default.jpg",
                    "type": "Image",
                    "format": "image/jpeg",
                    "width": 500,
                    "height": 435,
                    "services": [
                        {
                            "id": "https://www.memoriademadrid.es/iiif/3/794134",
                            "profile": "http://iiif.io/api/image/3/level1.json",
                            "@type": "http://iiif.io/api/image/3/context.json"
                        }
                    ]
                }
            ],
            "items": [
                {
                    "id": "https://www.memoriademadrid.es/iiif/3/794134",
                    "type": "AnnotationPage",
                    "items": [
                        {
                            "id": "https://www.memoriademadrid.es/iiif/3/794134",
                            "type": "Annotation",
                            "motivation": "painting",
                            "target": "https://www.memoriademadrid.es/iiif/3/794134",
                            "body": {
                                "id": "https://www.memoriademadrid.es/iiif/3/794134/full/^750,/0/default.jpg",
                                "type": "Image",
                                "format": "image/jpeg",
                                "width": 750,
                                "height": 653,
                                "service": [
                                    {
                                        "id": "https://www.memoriademadrid.es/iiif/2/794134",
                                        "profile": "http://iiif.io/api/image/2/level2.json",
                                        "type": "ImageService2"
                                    }
                                ]
                            }
                        }
                    ]
                }
            ]
        }
    ],
    "structures": []
}