{
    "id": "https://www.memoriademadrid.es/iiif/manifest/536642",
    "@context": "http://iiif.io/api/presentation/3/context.json",
    "type": "Manifest",
    "label": {
        "es": [
            "Plato de loza popular manisera"
        ]
    },
    "summary": {
        "es": [
            "Loza  Esmalte estann\u00edfero\r\nPintura a mano alzada  \r\nTorneado. Vidriado estann\u00edfero\r\nAltura = 4,5 cm; Di\u00e1metro = 33,5 cm; Ala = 5.1 cm\r\nEn el reverso del ala, Pintura a mano alzada \"M.G.\"  [En azul cobalto]"
        ]
    },
    "homepage": [
        {
            "id": "https://www.memoriademadrid.es/view/536642",
            "type": "Text",
            "label": {
                "es": [
                    "Home Page"
                ]
            },
            "format": "text/html"
        }
    ],
    "behavior": [
        "continuous"
    ],
    "thumbnail": [
        {
            "id": "https://www.memoriademadrid.es/thumbnail/536642",
            "type": "Image",
            "format": "image/jpeg",
            "width": 1024,
            "height": 878
        }
    ],
    "metadata": [
        {
            "label": {
                "es": [
                    "A\u00f1o Publicaci\u00f3n"
                ]
            },
            "value": {
                "es": [
                    "1801"
                ]
            }
        },
        {
            "label": {
                "es": [
                    "edm:isShownBy"
                ]
            },
            "value": {
                "es": [
                    "https://www.memoriademadrid.es/viewer/536642"
                ]
            }
        },
        {
            "label": {
                "es": [
                    "edm:object"
                ]
            },
            "value": {
                "es": [
                    "https://www.memoriademadrid.es/thumbnail/536642"
                ]
            }
        },
        {
            "label": {
                "es": [
                    "OpenAccess Estado"
                ]
            },
            "value": {
                "es": [
                    "PUBLISH"
                ]
            }
        },
        {
            "label": {
                "es": [
                    "URL Derechos"
                ]
            },
            "value": {
                "es": [
                    "<a href=http://creativecommons.org/licenses/by-nc/4.0/ >Creative Commons BY-NC 4.0</a>"
                ]
            }
        },
        {
            "label": {
                "es": [
                    "Clase de Patrimonio"
                ]
            },
            "value": {
                "es": [
                    "Patrimonio art\u00edstico"
                ]
            }
        },
        {
            "label": {
                "es": [
                    "OpenAccess Enlace"
                ]
            },
            "value": {
                "es": [
                    "https://www.memoriademadrid.es/view/536642"
                ]
            }
        },
        {
            "label": {
                "es": [
                    "OpenAccess Log"
                ]
            },
            "value": {
                "es": [
                    "Uploaded in OpenAccess at 2025.02.11 08:08:16."
                ]
            }
        },
        {
            "label": {
                "es": [
                    "OpenAccess Perfil"
                ]
            },
            "value": {
                "es": [
                    "Imagen"
                ]
            }
        },
        {
            "label": {
                "es": [
                    "OpenAccess Colecci\u00f3n"
                ]
            },
            "value": {
                "es": [
                    "260321"
                ]
            }
        },
        {
            "label": {
                "es": [
                    "OpenAccess ID Esquema de Metadatos"
                ]
            },
            "value": {
                "es": [
                    "4"
                ]
            }
        },
        {
            "label": {
                "es": [
                    "OpenAccess Nombre"
                ]
            },
            "value": {
                "es": [
                    "Plato de loza popular manisera"
                ]
            }
        },
        {
            "label": {
                "es": [
                    "ImportadoDesde"
                ]
            },
            "value": {
                "es": [
                    "Vargas"
                ]
            }
        },
        {
            "label": {
                "es": [
                    "ID Vargas"
                ]
            },
            "value": {
                "es": [
                    "11841"
                ]
            }
        },
        {
            "label": {
                "es": [
                    "Formato"
                ]
            },
            "value": {
                "es": [
                    "image/jpeg"
                ]
            }
        },
        {
            "label": {
                "es": [
                    "Tipo de recurso"
                ]
            },
            "value": {
                "es": [
                    "IMAGE"
                ]
            }
        },
        {
            "label": {
                "es": [
                    "Editor"
                ]
            },
            "value": {
                "es": [
                    "Ayuntamiento de Madrid. \u00c1rea de Las Artes"
                ]
            }
        },
        {
            "label": {
                "es": [
                    "Fecha de creaci\u00f3n final"
                ]
            },
            "value": {
                "es": [
                    "1801-12-31"
                ]
            }
        },
        {
            "label": {
                "es": [
                    "Idioma"
                ]
            },
            "value": {
                "es": [
                    "spa"
                ]
            }
        },
        {
            "label": {
                "es": [
                    "Instituci\u00f3n"
                ]
            },
            "value": {
                "es": [
                    "Museo de San Isidro"
                ]
            }
        },
        {
            "label": {
                "es": [
                    "T\u00edtulo"
                ]
            },
            "value": {
                "es": [
                    "Plato de loza popular manisera"
                ]
            }
        },
        {
            "label": {
                "es": [
                    "Fecha del registro"
                ]
            },
            "value": {
                "es": [
                    "2012-07-04"
                ]
            }
        },
        {
            "label": {
                "es": [
                    "Fecha de creaci\u00f3n Matiz"
                ]
            },
            "value": {
                "es": [
                    "Siglo XIX"
                ]
            }
        },
        {
            "label": {
                "es": [
                    "Fecha de creaci\u00f3n inicial"
                ]
            },
            "value": {
                "es": [
                    "1801-01-01"
                ]
            }
        },
        {
            "label": {
                "es": [
                    "Descripci\u00f3n"
                ]
            },
            "value": {
                "es": [
                    "Loza  Esmalte estann\u00edfero\r\nPintura a mano alzada  \r\nTorneado. Vidriado estann\u00edfero\r\nAltura = 4,5 cm; Di\u00e1metro = 33,5 cm; Ala = 5.1 cm\r\nEn el reverso del ala, Pintura a mano alzada \"M.G.\"  [En azul cobalto]"
                ]
            }
        },
        {
            "label": {
                "es": [
                    "Tipo de documento"
                ]
            },
            "value": {
                "es": [
                    "Cer\u00e1micas y porcelanas"
                ]
            }
        },
        {
            "label": {
                "es": [
                    "Signatura"
                ]
            },
            "value": {
                "es": [
                    "Inv. CE2002/7/05"
                ]
            }
        },
        {
            "label": {
                "es": [
                    "Materia"
                ]
            },
            "value": {
                "es": [
                    "Vajillas",
                    "Loza"
                ]
            }
        },
        {
            "label": {
                "es": [
                    "Comentarios (p\u00fablico)"
                ]
            },
            "value": {
                "es": [
                    "Plato llano con decoraci\u00f3n pintada a mano alzada. Como en la mayor parte de las piezas realizadas en Manises durante el siglo XIX el tema central vuelve a ser una composici\u00f3n floral, en este caso un ramillete bastante naturalista de espigas, hojas y capullos de flores cerrados o a medio abrir pintados sobre fondo blanco en un rojo desva\u00eddo obtenido a partir de \u00f3xidos de hierro. \r\n\r\nLa decoraci\u00f3n del resto del plato recorre ala y pared siguiendo la distribuci\u00f3n ya vista en el plato anterior de tres medallones sobre un fondo de color uniforme, morado en este caso, que se ha aligerado con una serie de motivos romboidales de bordes verdes y fondo blanco que contienen ramitas de tres hojas rojizas. Los medallones, de borde azul como el filete que decora el labio, albergan en su interior, medio ocultas por la vegetaci\u00f3n, estructuras arquitect\u00f3nicas en amarillo que, aunque resultan dif\u00edciles de precisar, parecen templetes con fachadas de columnas rematadas en frontones triangulares."
                ]
            }
        },
        {
            "label": {
                "es": [
                    "Derechos"
                ]
            },
            "value": {
                "es": [
                    "http://creativecommons.org/licenses/by-nc/4.0/"
                ]
            }
        }
    ],
    "items": [
        {
            "id": "https://www.memoriademadrid.es/iiif/536642/canvas/p1",
            "type": "Canvas",
            "label": {
                "es": [
                    1
                ]
            },
            "width": 750,
            "height": 643,
            "thumbnail": [
                {
                    "id": "https://www.memoriademadrid.es/iiif/3/1240915/full/^500,/0/default.jpg",
                    "type": "Image",
                    "format": "image/jpeg",
                    "width": 500,
                    "height": 429,
                    "services": [
                        {
                            "id": "https://www.memoriademadrid.es/iiif/3/1240915",
                            "profile": "http://iiif.io/api/image/3/level1.json",
                            "@type": "http://iiif.io/api/image/3/context.json"
                        }
                    ]
                }
            ],
            "items": [
                {
                    "id": "https://www.memoriademadrid.es/iiif/3/1240915",
                    "type": "AnnotationPage",
                    "items": [
                        {
                            "id": "https://www.memoriademadrid.es/iiif/3/1240915",
                            "type": "Annotation",
                            "motivation": "painting",
                            "target": "https://www.memoriademadrid.es/iiif/3/1240915",
                            "body": {
                                "id": "https://www.memoriademadrid.es/iiif/3/1240915/full/^750,/0/default.jpg",
                                "type": "Image",
                                "format": "image/jpeg",
                                "width": 750,
                                "height": 643,
                                "service": [
                                    {
                                        "id": "https://www.memoriademadrid.es/iiif/2/1240915",
                                        "profile": "http://iiif.io/api/image/2/level2.json",
                                        "type": "ImageService2"
                                    }
                                ]
                            }
                        }
                    ]
                }
            ]
        },
        {
            "id": "https://www.memoriademadrid.es/iiif/536642/canvas/p2",
            "type": "Canvas",
            "label": {
                "es": [
                    2
                ]
            },
            "width": 750,
            "height": 643,
            "thumbnail": [
                {
                    "id": "https://www.memoriademadrid.es/iiif/3/1240914/full/^500,/0/default.jpg",
                    "type": "Image",
                    "format": "image/jpeg",
                    "width": 500,
                    "height": 429,
                    "services": [
                        {
                            "id": "https://www.memoriademadrid.es/iiif/3/1240914",
                            "profile": "http://iiif.io/api/image/3/level1.json",
                            "@type": "http://iiif.io/api/image/3/context.json"
                        }
                    ]
                }
            ],
            "items": [
                {
                    "id": "https://www.memoriademadrid.es/iiif/3/1240914",
                    "type": "AnnotationPage",
                    "items": [
                        {
                            "id": "https://www.memoriademadrid.es/iiif/3/1240914",
                            "type": "Annotation",
                            "motivation": "painting",
                            "target": "https://www.memoriademadrid.es/iiif/3/1240914",
                            "body": {
                                "id": "https://www.memoriademadrid.es/iiif/3/1240914/full/^750,/0/default.jpg",
                                "type": "Image",
                                "format": "image/jpeg",
                                "width": 750,
                                "height": 643,
                                "service": [
                                    {
                                        "id": "https://www.memoriademadrid.es/iiif/2/1240914",
                                        "profile": "http://iiif.io/api/image/2/level2.json",
                                        "type": "ImageService2"
                                    }
                                ]
                            }
                        }
                    ]
                }
            ]
        }
    ],
    "structures": []
}