{
    "id": "https://www.memoriademadrid.es/iiif/manifest/536648",
    "@context": "http://iiif.io/api/presentation/3/context.json",
    "type": "Manifest",
    "label": {
        "es": [
            "Plato de loza popular manisera"
        ]
    },
    "summary": {
        "es": [
            "Loza  Esmalte estann\u00edfero\r\nPintura a mano alzada  \r\nTorneado  Vidriado estann\u00edfero\r\nAltura = 4.5 cm; Di\u00e1metro = 34 cm; Ala = 4.5 cm\r\nEn el reverso del ala, Pintura a mano alzada S.Z.\"  [En azul cobalto]"
        ]
    },
    "homepage": [
        {
            "id": "https://www.memoriademadrid.es/view/536648",
            "type": "Text",
            "label": {
                "es": [
                    "Home Page"
                ]
            },
            "format": "text/html"
        }
    ],
    "behavior": [
        "continuous"
    ],
    "thumbnail": [
        {
            "id": "https://www.memoriademadrid.es/thumbnail/536648",
            "type": "Image",
            "format": "image/jpeg",
            "width": 1024,
            "height": 930
        }
    ],
    "metadata": [
        {
            "label": {
                "es": [
                    "A\u00f1o Publicaci\u00f3n"
                ]
            },
            "value": {
                "es": [
                    "1801"
                ]
            }
        },
        {
            "label": {
                "es": [
                    "edm:isShownBy"
                ]
            },
            "value": {
                "es": [
                    "https://www.memoriademadrid.es/viewer/536648"
                ]
            }
        },
        {
            "label": {
                "es": [
                    "edm:object"
                ]
            },
            "value": {
                "es": [
                    "https://www.memoriademadrid.es/thumbnail/536648"
                ]
            }
        },
        {
            "label": {
                "es": [
                    "OpenAccess Estado"
                ]
            },
            "value": {
                "es": [
                    "PUBLISH"
                ]
            }
        },
        {
            "label": {
                "es": [
                    "URL Derechos"
                ]
            },
            "value": {
                "es": [
                    "<a href=http://creativecommons.org/licenses/by-nc/4.0/ >Creative Commons BY-NC 4.0</a>"
                ]
            }
        },
        {
            "label": {
                "es": [
                    "Clase de Patrimonio"
                ]
            },
            "value": {
                "es": [
                    "Patrimonio art\u00edstico"
                ]
            }
        },
        {
            "label": {
                "es": [
                    "OpenAccess Enlace"
                ]
            },
            "value": {
                "es": [
                    "https://www.memoriademadrid.es/view/536648"
                ]
            }
        },
        {
            "label": {
                "es": [
                    "OpenAccess Log"
                ]
            },
            "value": {
                "es": [
                    "Uploaded in OpenAccess at 2025.02.11 08:08:45."
                ]
            }
        },
        {
            "label": {
                "es": [
                    "OpenAccess Perfil"
                ]
            },
            "value": {
                "es": [
                    "Imagen"
                ]
            }
        },
        {
            "label": {
                "es": [
                    "OpenAccess Colecci\u00f3n"
                ]
            },
            "value": {
                "es": [
                    "260321"
                ]
            }
        },
        {
            "label": {
                "es": [
                    "OpenAccess ID Esquema de Metadatos"
                ]
            },
            "value": {
                "es": [
                    "4"
                ]
            }
        },
        {
            "label": {
                "es": [
                    "OpenAccess Nombre"
                ]
            },
            "value": {
                "es": [
                    "Plato de loza popular manisera"
                ]
            }
        },
        {
            "label": {
                "es": [
                    "ImportadoDesde"
                ]
            },
            "value": {
                "es": [
                    "Vargas"
                ]
            }
        },
        {
            "label": {
                "es": [
                    "ID Vargas"
                ]
            },
            "value": {
                "es": [
                    "11844"
                ]
            }
        },
        {
            "label": {
                "es": [
                    "Formato"
                ]
            },
            "value": {
                "es": [
                    "image/jpeg"
                ]
            }
        },
        {
            "label": {
                "es": [
                    "Tipo de recurso"
                ]
            },
            "value": {
                "es": [
                    "IMAGE"
                ]
            }
        },
        {
            "label": {
                "es": [
                    "Editor"
                ]
            },
            "value": {
                "es": [
                    "Ayuntamiento de Madrid. \u00c1rea de Las Artes"
                ]
            }
        },
        {
            "label": {
                "es": [
                    "Fecha de creaci\u00f3n final"
                ]
            },
            "value": {
                "es": [
                    "1801-12-31"
                ]
            }
        },
        {
            "label": {
                "es": [
                    "Idioma"
                ]
            },
            "value": {
                "es": [
                    "spa"
                ]
            }
        },
        {
            "label": {
                "es": [
                    "Instituci\u00f3n"
                ]
            },
            "value": {
                "es": [
                    "Museo de San Isidro"
                ]
            }
        },
        {
            "label": {
                "es": [
                    "T\u00edtulo"
                ]
            },
            "value": {
                "es": [
                    "Plato de loza popular manisera"
                ]
            }
        },
        {
            "label": {
                "es": [
                    "Fecha del registro"
                ]
            },
            "value": {
                "es": [
                    "2012-07-04"
                ]
            }
        },
        {
            "label": {
                "es": [
                    "Fecha de creaci\u00f3n Matiz"
                ]
            },
            "value": {
                "es": [
                    "Siglo XIX"
                ]
            }
        },
        {
            "label": {
                "es": [
                    "Fecha de creaci\u00f3n inicial"
                ]
            },
            "value": {
                "es": [
                    "1801-01-01"
                ]
            }
        },
        {
            "label": {
                "es": [
                    "Descripci\u00f3n"
                ]
            },
            "value": {
                "es": [
                    "Loza  Esmalte estann\u00edfero\r\nPintura a mano alzada  \r\nTorneado  Vidriado estann\u00edfero\r\nAltura = 4.5 cm; Di\u00e1metro = 34 cm; Ala = 4.5 cm\r\nEn el reverso del ala, Pintura a mano alzada S.Z.\"  [En azul cobalto]"
                ]
            }
        },
        {
            "label": {
                "es": [
                    "Tipo de documento"
                ]
            },
            "value": {
                "es": [
                    "Cer\u00e1micas y porcelanas"
                ]
            }
        },
        {
            "label": {
                "es": [
                    "Signatura"
                ]
            },
            "value": {
                "es": [
                    "Inv. CE2002/7/08"
                ]
            }
        },
        {
            "label": {
                "es": [
                    "Materia"
                ]
            },
            "value": {
                "es": [
                    "Vajillas",
                    "Loza"
                ]
            }
        },
        {
            "label": {
                "es": [
                    "Comentarios (p\u00fablico)"
                ]
            },
            "value": {
                "es": [
                    "El plato que aqu\u00ed nos ocupa es una de las pocas piezas dentro de la colecci\u00f3n S\u00e1ez Mart\u00edn en el que la decoraci\u00f3n se distribuye de manera homog\u00e9nea por todo su interior, ocupando indistintamente ala, pared y fondo. Adem\u00e1s, es el \u00fanico en el que el foco de atenci\u00f3n de la composici\u00f3n se desplaza desde el centro a la zona exterior del plato, minimizando la importancia del motivo que ocupa el eje de la pieza, un simple disco azul rodeado por una orla de contorno lobulado del mismo color, para ced\u00e9rsela a las figuras representadas a su alrededor. \u00c9stas consisten en tres ramos compuestos por racimos de bayas violetas y flores azules y amarillas entre hojas verdes y, alternando entre ellos, tres motivos en forma de l\u00e1grima de contorno naranja, amarillo y azul, cada uno de los cuales alberga en su interior un junquillo morado con tres estilizadas campanillas verdes de delicados estambres anaranjados.\r\n\r\nLos motivos en forma de l\u00e1grima que aparecen en la decoraci\u00f3n de este plato son caracter\u00edsticos de las decoraciones textiles de la regi\u00f3n de Cachemira donde se utilizaba incluso antes de nuestra era. En Europa, sin embargo, su popularizaci\u00f3n no se produce hasta finales del siglo XVIII y especialmente durante el XIX cuando algunos centros textiles fundamental, aunque no exclusivamente brit\u00e1nicos, lo incorporan a las decoraciones en la fabricaci\u00f3n de chales, adaptando composiciones y colores al gusto europeo. De entre todos estos centros destac\u00f3 la ciudad de Paisley en Escocia, hasta el punto de dar nombre al estilo. \r\n\r\nComo puede observarse en otros platos de la colecci\u00f3n, la utilizaci\u00f3n de prendas textiles y motivos orientales como fuente de inspiraci\u00f3n en las decoraciones cer\u00e1micas es habitual entre las pintoras de Manises. Sin embargo, pocos de ellos alcanzan la elegancia que trasmite esta pieza. Seguramente contribuye a ello tanto la original adaptaci\u00f3n de las caracter\u00edsticas formas hind\u00faes como la manera en la que \u00e9stas se componen. Su posici\u00f3n ligeramente inclinada y con el borde superior adapt\u00e1ndose al contorno del plato, junto con la sencilla guirnalda azul de campanillas y c\u00edrculos que enlaza de manera sinuosa los tres ramos de flores, proporciona a la composici\u00f3n una sugerente movilidad, de tal manera que toda ella parece girar en torno a su eje."
                ]
            }
        },
        {
            "label": {
                "es": [
                    "Derechos"
                ]
            },
            "value": {
                "es": [
                    "http://creativecommons.org/licenses/by-nc/4.0/"
                ]
            }
        }
    ],
    "items": [
        {
            "id": "https://www.memoriademadrid.es/iiif/536648/canvas/p1",
            "type": "Canvas",
            "label": {
                "es": [
                    1
                ]
            },
            "width": 750,
            "height": 681,
            "thumbnail": [
                {
                    "id": "https://www.memoriademadrid.es/iiif/3/1240920/full/^500,/0/default.jpg",
                    "type": "Image",
                    "format": "image/jpeg",
                    "width": 500,
                    "height": 454,
                    "services": [
                        {
                            "id": "https://www.memoriademadrid.es/iiif/3/1240920",
                            "profile": "http://iiif.io/api/image/3/level1.json",
                            "@type": "http://iiif.io/api/image/3/context.json"
                        }
                    ]
                }
            ],
            "items": [
                {
                    "id": "https://www.memoriademadrid.es/iiif/3/1240920",
                    "type": "AnnotationPage",
                    "items": [
                        {
                            "id": "https://www.memoriademadrid.es/iiif/3/1240920",
                            "type": "Annotation",
                            "motivation": "painting",
                            "target": "https://www.memoriademadrid.es/iiif/3/1240920",
                            "body": {
                                "id": "https://www.memoriademadrid.es/iiif/3/1240920/full/^750,/0/default.jpg",
                                "type": "Image",
                                "format": "image/jpeg",
                                "width": 750,
                                "height": 681,
                                "service": [
                                    {
                                        "id": "https://www.memoriademadrid.es/iiif/2/1240920",
                                        "profile": "http://iiif.io/api/image/2/level2.json",
                                        "type": "ImageService2"
                                    }
                                ]
                            }
                        }
                    ]
                }
            ]
        },
        {
            "id": "https://www.memoriademadrid.es/iiif/536648/canvas/p2",
            "type": "Canvas",
            "label": {
                "es": [
                    2
                ]
            },
            "width": 750,
            "height": 681,
            "thumbnail": [
                {
                    "id": "https://www.memoriademadrid.es/iiif/3/1240921/full/^500,/0/default.jpg",
                    "type": "Image",
                    "format": "image/jpeg",
                    "width": 500,
                    "height": 454,
                    "services": [
                        {
                            "id": "https://www.memoriademadrid.es/iiif/3/1240921",
                            "profile": "http://iiif.io/api/image/3/level1.json",
                            "@type": "http://iiif.io/api/image/3/context.json"
                        }
                    ]
                }
            ],
            "items": [
                {
                    "id": "https://www.memoriademadrid.es/iiif/3/1240921",
                    "type": "AnnotationPage",
                    "items": [
                        {
                            "id": "https://www.memoriademadrid.es/iiif/3/1240921",
                            "type": "Annotation",
                            "motivation": "painting",
                            "target": "https://www.memoriademadrid.es/iiif/3/1240921",
                            "body": {
                                "id": "https://www.memoriademadrid.es/iiif/3/1240921/full/^750,/0/default.jpg",
                                "type": "Image",
                                "format": "image/jpeg",
                                "width": 750,
                                "height": 681,
                                "service": [
                                    {
                                        "id": "https://www.memoriademadrid.es/iiif/2/1240921",
                                        "profile": "http://iiif.io/api/image/2/level2.json",
                                        "type": "ImageService2"
                                    }
                                ]
                            }
                        }
                    ]
                }
            ]
        }
    ],
    "structures": []
}