{
    "id": "https://www.memoriademadrid.es/iiif/manifest/536650",
    "@context": "http://iiif.io/api/presentation/3/context.json",
    "type": "Manifest",
    "label": {
        "es": [
            "Plato de loza popular manisera"
        ]
    },
    "summary": {
        "es": [
            "Loza  Esmalte estann\u00edfero\r\nPintura a mano alzada  \r\nTorneado. Vidriado estann\u00edfero\r\nAltura = 4,5 cm; Di\u00e1metro = 31 cm; Ala = 3.7 cm\r\nEn el reverso del ala, Pintura a mano alzada S.Z.\"  [En azul cobalto]"
        ]
    },
    "homepage": [
        {
            "id": "https://www.memoriademadrid.es/view/536650",
            "type": "Text",
            "label": {
                "es": [
                    "Home Page"
                ]
            },
            "format": "text/html"
        }
    ],
    "behavior": [
        "continuous"
    ],
    "thumbnail": [
        {
            "id": "https://www.memoriademadrid.es/thumbnail/536650",
            "type": "Image",
            "format": "image/jpeg",
            "width": 1024,
            "height": 882
        }
    ],
    "metadata": [
        {
            "label": {
                "es": [
                    "A\u00f1o Publicaci\u00f3n"
                ]
            },
            "value": {
                "es": [
                    "1801"
                ]
            }
        },
        {
            "label": {
                "es": [
                    "edm:isShownBy"
                ]
            },
            "value": {
                "es": [
                    "https://www.memoriademadrid.es/viewer/536650"
                ]
            }
        },
        {
            "label": {
                "es": [
                    "edm:object"
                ]
            },
            "value": {
                "es": [
                    "https://www.memoriademadrid.es/thumbnail/536650"
                ]
            }
        },
        {
            "label": {
                "es": [
                    "OpenAccess Estado"
                ]
            },
            "value": {
                "es": [
                    "PUBLISH"
                ]
            }
        },
        {
            "label": {
                "es": [
                    "URL Derechos"
                ]
            },
            "value": {
                "es": [
                    "<a href=http://creativecommons.org/licenses/by-nc/4.0/ >Creative Commons BY-NC 4.0</a>"
                ]
            }
        },
        {
            "label": {
                "es": [
                    "Clase de Patrimonio"
                ]
            },
            "value": {
                "es": [
                    "Patrimonio art\u00edstico"
                ]
            }
        },
        {
            "label": {
                "es": [
                    "OpenAccess Enlace"
                ]
            },
            "value": {
                "es": [
                    "https://www.memoriademadrid.es/view/536650"
                ]
            }
        },
        {
            "label": {
                "es": [
                    "OpenAccess Log"
                ]
            },
            "value": {
                "es": [
                    "Uploaded in OpenAccess at 2025.02.11 08:08:55."
                ]
            }
        },
        {
            "label": {
                "es": [
                    "OpenAccess Perfil"
                ]
            },
            "value": {
                "es": [
                    "Imagen"
                ]
            }
        },
        {
            "label": {
                "es": [
                    "OpenAccess Colecci\u00f3n"
                ]
            },
            "value": {
                "es": [
                    "260321"
                ]
            }
        },
        {
            "label": {
                "es": [
                    "OpenAccess ID Esquema de Metadatos"
                ]
            },
            "value": {
                "es": [
                    "4"
                ]
            }
        },
        {
            "label": {
                "es": [
                    "OpenAccess Nombre"
                ]
            },
            "value": {
                "es": [
                    "Plato de loza popular manisera"
                ]
            }
        },
        {
            "label": {
                "es": [
                    "ImportadoDesde"
                ]
            },
            "value": {
                "es": [
                    "Vargas"
                ]
            }
        },
        {
            "label": {
                "es": [
                    "ID Vargas"
                ]
            },
            "value": {
                "es": [
                    "11845"
                ]
            }
        },
        {
            "label": {
                "es": [
                    "Formato"
                ]
            },
            "value": {
                "es": [
                    "image/jpeg"
                ]
            }
        },
        {
            "label": {
                "es": [
                    "Tipo de recurso"
                ]
            },
            "value": {
                "es": [
                    "IMAGE"
                ]
            }
        },
        {
            "label": {
                "es": [
                    "Editor"
                ]
            },
            "value": {
                "es": [
                    "Ayuntamiento de Madrid. \u00c1rea de Las Artes"
                ]
            }
        },
        {
            "label": {
                "es": [
                    "Fecha de creaci\u00f3n final"
                ]
            },
            "value": {
                "es": [
                    "1801-12-31"
                ]
            }
        },
        {
            "label": {
                "es": [
                    "Idioma"
                ]
            },
            "value": {
                "es": [
                    "spa"
                ]
            }
        },
        {
            "label": {
                "es": [
                    "Instituci\u00f3n"
                ]
            },
            "value": {
                "es": [
                    "Museo de San Isidro"
                ]
            }
        },
        {
            "label": {
                "es": [
                    "T\u00edtulo"
                ]
            },
            "value": {
                "es": [
                    "Plato de loza popular manisera"
                ]
            }
        },
        {
            "label": {
                "es": [
                    "Fecha del registro"
                ]
            },
            "value": {
                "es": [
                    "2012-07-04"
                ]
            }
        },
        {
            "label": {
                "es": [
                    "Fecha de creaci\u00f3n Matiz"
                ]
            },
            "value": {
                "es": [
                    "Siglo XIX"
                ]
            }
        },
        {
            "label": {
                "es": [
                    "Fecha de creaci\u00f3n inicial"
                ]
            },
            "value": {
                "es": [
                    "1801-01-01"
                ]
            }
        },
        {
            "label": {
                "es": [
                    "Descripci\u00f3n"
                ]
            },
            "value": {
                "es": [
                    "Loza  Esmalte estann\u00edfero\r\nPintura a mano alzada  \r\nTorneado. Vidriado estann\u00edfero\r\nAltura = 4,5 cm; Di\u00e1metro = 31 cm; Ala = 3.7 cm\r\nEn el reverso del ala, Pintura a mano alzada S.Z.\"  [En azul cobalto]"
                ]
            }
        },
        {
            "label": {
                "es": [
                    "Tipo de documento"
                ]
            },
            "value": {
                "es": [
                    "Cer\u00e1micas y porcelanas"
                ]
            }
        },
        {
            "label": {
                "es": [
                    "Signatura"
                ]
            },
            "value": {
                "es": [
                    "Inv. CE2002/7/09"
                ]
            }
        },
        {
            "label": {
                "es": [
                    "Materia"
                ]
            },
            "value": {
                "es": [
                    "Vajillas",
                    "Loza"
                ]
            }
        },
        {
            "label": {
                "es": [
                    "Comentarios (p\u00fablico)"
                ]
            },
            "value": {
                "es": [
                    "Junto al plato anteriormente descrito, el que aqu\u00ed nos ocupa es el \u00fanico de la colecci\u00f3n pintado exclusivamente en azul sobre fondo blanco. Se trata de una sencilla composici\u00f3n cuyo centro est\u00e1 ocupado por un arreglo floral de gran tama\u00f1o compuesto por una flor silvestre, tal vez una amapola, entre hojas lanceoladas y espiguillas. A lo largo del ala, pared y parte del fondo se desarrolla una ancha cenefa formada por una cadeneta de eslabones ovalados con peque\u00f1os penachos de tres hojas o plumas en sus extremos y enlazados por peque\u00f1os aros horizontales, entre los que se han dibujado parejas sim\u00e9tricas de pistilos rodeados de estambres. El plato presenta una perforaci\u00f3n para ser colgado. Aunque estas piezas se fabricaron para su uso cotidiano en el servicio de mesa su gran aceptaci\u00f3n hizo que en zonas alejadas de los centros de producci\u00f3n acabaran trasform\u00e1ndose en objetos de adorno.\r\n\r\nLos platos pintados en claroscuro de azul muestran una mayor habilidad t\u00e9cnica en su ejecuci\u00f3n que los pol\u00edcromos. Se prescinde en ellos del delineado previo de las figuras que tienen que definirse por la forma y diferente intensidad de las pinceladas, lo que obliga a su autor a realizarlas mediante precisos trazos ejecutados en un solo movimiento sin que quede lugar a la rectificaci\u00f3n. Adem\u00e1s, las composiciones son menos profusas en elementos decorativos por lo que, a pesar de que sigan ocupando la mayor parte de la superficie interior del plato, el aspecto de saturaci\u00f3n es menor. Todo ello parece dejar estas piezas a caballo entre las lozas populares y las burguesas lozas industriales que, como hemos visto, parecen ser su fuente \u00faltima de inspiraci\u00f3n."
                ]
            }
        },
        {
            "label": {
                "es": [
                    "Derechos"
                ]
            },
            "value": {
                "es": [
                    "http://creativecommons.org/licenses/by-nc/4.0/"
                ]
            }
        }
    ],
    "items": [
        {
            "id": "https://www.memoriademadrid.es/iiif/536650/canvas/p1",
            "type": "Canvas",
            "label": {
                "es": [
                    1
                ]
            },
            "width": 750,
            "height": 646,
            "thumbnail": [
                {
                    "id": "https://www.memoriademadrid.es/iiif/3/1240922/full/^500,/0/default.jpg",
                    "type": "Image",
                    "format": "image/jpeg",
                    "width": 500,
                    "height": 431,
                    "services": [
                        {
                            "id": "https://www.memoriademadrid.es/iiif/3/1240922",
                            "profile": "http://iiif.io/api/image/3/level1.json",
                            "@type": "http://iiif.io/api/image/3/context.json"
                        }
                    ]
                }
            ],
            "items": [
                {
                    "id": "https://www.memoriademadrid.es/iiif/3/1240922",
                    "type": "AnnotationPage",
                    "items": [
                        {
                            "id": "https://www.memoriademadrid.es/iiif/3/1240922",
                            "type": "Annotation",
                            "motivation": "painting",
                            "target": "https://www.memoriademadrid.es/iiif/3/1240922",
                            "body": {
                                "id": "https://www.memoriademadrid.es/iiif/3/1240922/full/^750,/0/default.jpg",
                                "type": "Image",
                                "format": "image/jpeg",
                                "width": 750,
                                "height": 646,
                                "service": [
                                    {
                                        "id": "https://www.memoriademadrid.es/iiif/2/1240922",
                                        "profile": "http://iiif.io/api/image/2/level2.json",
                                        "type": "ImageService2"
                                    }
                                ]
                            }
                        }
                    ]
                }
            ]
        },
        {
            "id": "https://www.memoriademadrid.es/iiif/536650/canvas/p2",
            "type": "Canvas",
            "label": {
                "es": [
                    2
                ]
            },
            "width": 750,
            "height": 646,
            "thumbnail": [
                {
                    "id": "https://www.memoriademadrid.es/iiif/3/1240923/full/^500,/0/default.jpg",
                    "type": "Image",
                    "format": "image/jpeg",
                    "width": 500,
                    "height": 431,
                    "services": [
                        {
                            "id": "https://www.memoriademadrid.es/iiif/3/1240923",
                            "profile": "http://iiif.io/api/image/3/level1.json",
                            "@type": "http://iiif.io/api/image/3/context.json"
                        }
                    ]
                }
            ],
            "items": [
                {
                    "id": "https://www.memoriademadrid.es/iiif/3/1240923",
                    "type": "AnnotationPage",
                    "items": [
                        {
                            "id": "https://www.memoriademadrid.es/iiif/3/1240923",
                            "type": "Annotation",
                            "motivation": "painting",
                            "target": "https://www.memoriademadrid.es/iiif/3/1240923",
                            "body": {
                                "id": "https://www.memoriademadrid.es/iiif/3/1240923/full/^750,/0/default.jpg",
                                "type": "Image",
                                "format": "image/jpeg",
                                "width": 750,
                                "height": 646,
                                "service": [
                                    {
                                        "id": "https://www.memoriademadrid.es/iiif/2/1240923",
                                        "profile": "http://iiif.io/api/image/2/level2.json",
                                        "type": "ImageService2"
                                    }
                                ]
                            }
                        }
                    ]
                }
            ]
        }
    ],
    "structures": []
}