{
    "id": "https://www.memoriademadrid.es/iiif/manifest/536656",
    "@context": "http://iiif.io/api/presentation/3/context.json",
    "type": "Manifest",
    "label": {
        "es": [
            "Plato de loza popular manisera"
        ]
    },
    "summary": {
        "es": [
            "Loza. Esmalte estann\u00edfero\r\nPintura a mano alzada.\r\nTorneado. Vidriado estann\u00edfero\r\nAltura = 5 cm; Di\u00e1metro = 33,5 cm; Ala = 5 cm"
        ]
    },
    "homepage": [
        {
            "id": "https://www.memoriademadrid.es/view/536656",
            "type": "Text",
            "label": {
                "es": [
                    "Home Page"
                ]
            },
            "format": "text/html"
        }
    ],
    "behavior": [
        "continuous"
    ],
    "thumbnail": [
        {
            "id": "https://www.memoriademadrid.es/thumbnail/536656",
            "type": "Image",
            "format": "image/jpeg",
            "width": 1024,
            "height": 901
        }
    ],
    "metadata": [
        {
            "label": {
                "es": [
                    "A\u00f1o Publicaci\u00f3n"
                ]
            },
            "value": {
                "es": [
                    "1801"
                ]
            }
        },
        {
            "label": {
                "es": [
                    "edm:isShownBy"
                ]
            },
            "value": {
                "es": [
                    "https://www.memoriademadrid.es/viewer/536656"
                ]
            }
        },
        {
            "label": {
                "es": [
                    "edm:object"
                ]
            },
            "value": {
                "es": [
                    "https://www.memoriademadrid.es/thumbnail/536656"
                ]
            }
        },
        {
            "label": {
                "es": [
                    "OpenAccess Estado"
                ]
            },
            "value": {
                "es": [
                    "PUBLISH"
                ]
            }
        },
        {
            "label": {
                "es": [
                    "URL Derechos"
                ]
            },
            "value": {
                "es": [
                    "<a href=http://creativecommons.org/licenses/by-nc/4.0/ >Creative Commons BY-NC 4.0</a>"
                ]
            }
        },
        {
            "label": {
                "es": [
                    "Clase de Patrimonio"
                ]
            },
            "value": {
                "es": [
                    "Patrimonio art\u00edstico"
                ]
            }
        },
        {
            "label": {
                "es": [
                    "OpenAccess Enlace"
                ]
            },
            "value": {
                "es": [
                    "https://www.memoriademadrid.es/view/536656"
                ]
            }
        },
        {
            "label": {
                "es": [
                    "OpenAccess Log"
                ]
            },
            "value": {
                "es": [
                    "Uploaded in OpenAccess at 2025.02.11 08:09:30."
                ]
            }
        },
        {
            "label": {
                "es": [
                    "OpenAccess Perfil"
                ]
            },
            "value": {
                "es": [
                    "Imagen"
                ]
            }
        },
        {
            "label": {
                "es": [
                    "OpenAccess Colecci\u00f3n"
                ]
            },
            "value": {
                "es": [
                    "260321"
                ]
            }
        },
        {
            "label": {
                "es": [
                    "OpenAccess ID Esquema de Metadatos"
                ]
            },
            "value": {
                "es": [
                    "4"
                ]
            }
        },
        {
            "label": {
                "es": [
                    "OpenAccess Nombre"
                ]
            },
            "value": {
                "es": [
                    "Plato de loza popular manisera"
                ]
            }
        },
        {
            "label": {
                "es": [
                    "ImportadoDesde"
                ]
            },
            "value": {
                "es": [
                    "Vargas"
                ]
            }
        },
        {
            "label": {
                "es": [
                    "ID Vargas"
                ]
            },
            "value": {
                "es": [
                    "11848"
                ]
            }
        },
        {
            "label": {
                "es": [
                    "Formato"
                ]
            },
            "value": {
                "es": [
                    "image/jpeg"
                ]
            }
        },
        {
            "label": {
                "es": [
                    "Tipo de recurso"
                ]
            },
            "value": {
                "es": [
                    "IMAGE"
                ]
            }
        },
        {
            "label": {
                "es": [
                    "Editor"
                ]
            },
            "value": {
                "es": [
                    "Ayuntamiento de Madrid. \u00c1rea de Las Artes"
                ]
            }
        },
        {
            "label": {
                "es": [
                    "Fecha de creaci\u00f3n final"
                ]
            },
            "value": {
                "es": [
                    "1801-12-31"
                ]
            }
        },
        {
            "label": {
                "es": [
                    "Idioma"
                ]
            },
            "value": {
                "es": [
                    "spa"
                ]
            }
        },
        {
            "label": {
                "es": [
                    "Instituci\u00f3n"
                ]
            },
            "value": {
                "es": [
                    "Museo de San Isidro"
                ]
            }
        },
        {
            "label": {
                "es": [
                    "T\u00edtulo"
                ]
            },
            "value": {
                "es": [
                    "Plato de loza popular manisera"
                ]
            }
        },
        {
            "label": {
                "es": [
                    "Fecha del registro"
                ]
            },
            "value": {
                "es": [
                    "2012-07-04"
                ]
            }
        },
        {
            "label": {
                "es": [
                    "Fecha de creaci\u00f3n Matiz"
                ]
            },
            "value": {
                "es": [
                    "Siglo XIX"
                ]
            }
        },
        {
            "label": {
                "es": [
                    "Fecha de creaci\u00f3n inicial"
                ]
            },
            "value": {
                "es": [
                    "1801-01-01"
                ]
            }
        },
        {
            "label": {
                "es": [
                    "Descripci\u00f3n"
                ]
            },
            "value": {
                "es": [
                    "Loza. Esmalte estann\u00edfero\r\nPintura a mano alzada.\r\nTorneado. Vidriado estann\u00edfero\r\nAltura = 5 cm; Di\u00e1metro = 33,5 cm; Ala = 5 cm"
                ]
            }
        },
        {
            "label": {
                "es": [
                    "Tipo de documento"
                ]
            },
            "value": {
                "es": [
                    "Cer\u00e1micas y porcelanas"
                ]
            }
        },
        {
            "label": {
                "es": [
                    "Signatura"
                ]
            },
            "value": {
                "es": [
                    "Inv. CE2002/7/12"
                ]
            }
        },
        {
            "label": {
                "es": [
                    "Materia"
                ]
            },
            "value": {
                "es": [
                    "Vajillas",
                    "Loza"
                ]
            }
        },
        {
            "label": {
                "es": [
                    "Comentarios (p\u00fablico)"
                ]
            },
            "value": {
                "es": [
                    "Esta pieza presenta numerosos paralelismos con la n\u00famero CE2002/7/03. Como en ella, la decoraci\u00f3n pintada que cubre su interior utiliza un motivo vegetal en el centro de la composici\u00f3n y alterna a lo largo del ala y la pared motivos de pa\u00f1oletas bordadas con flores con otros de \u00e1rboles encerrados en arcos azules realizados con esponjilla y flanqueados por largas hojas, al tiempo que se rellenan con puntos azules en relieve todos los espacios vac\u00edos excepto el centro del plato en donde sobre el fondo blanco se resalta el motivo central. Var\u00edan, en cambio, dicho motivo que aqu\u00ed es un ramito con una margarita amarilla entre hojas verdes y finos tallos morados, el n\u00famero de elementos que integran la composici\u00f3n, cuatro pa\u00f1oletas y cuatro \u00e1rboles en vez de tres y la tipolog\u00eda de \u00e9stos \u00faltimos, que en este caso parecen \u00e1rboles de ribera, de largo tronco anaranjado y finas ramas que arrancan a intervalos regulares desde su base y concentran el follaje en los extremos. \r\n\r\nLa tonalidad del plato tambi\u00e9n es diferente, predominando ahora junto con el amarillo de las pa\u00f1oletas el azul de los arcos y del punteado de fondo, mientras que est\u00e1 casi ausente el morado que junto al verde y el amarillo eran los colores predominantes en aquel.\r\nComo se puede ver a trav\u00e9s del estudio de otros platos que componen la colecci\u00f3n de lozas del legado S\u00e1ez Mart\u00edn, la representaci\u00f3n de prendas textiles en las composiciones decorativas de las piezas cer\u00e1micas de Manises como las pa\u00f1oletas que decoran el contorno de este plato y el del n\u00famero CE2002/7/03 es algo frecuente y no se circunscribe \u00fanicamente a los \"platos de deman\u00e1\", en donde su presencia es m\u00e1s evidente al formar parte, junto a joyas y otros aderezos, de los complementos que integran el atuendo t\u00edpico de valenciana y su ajuar de novia. Adem\u00e1s, constituyen una prueba m\u00e1s de la capacidad que tienen las pintoras de Manises para integrar con naturalidad en sus decoraciones una gran variedad de elementos cotidianos tomados de la realidad que las rodea."
                ]
            }
        },
        {
            "label": {
                "es": [
                    "Derechos"
                ]
            },
            "value": {
                "es": [
                    "http://creativecommons.org/licenses/by-nc/4.0/"
                ]
            }
        }
    ],
    "items": [
        {
            "id": "https://www.memoriademadrid.es/iiif/536656/canvas/p1",
            "type": "Canvas",
            "label": {
                "es": [
                    1
                ]
            },
            "width": 750,
            "height": 660,
            "thumbnail": [
                {
                    "id": "https://www.memoriademadrid.es/iiif/3/1240928/full/^500,/0/default.jpg",
                    "type": "Image",
                    "format": "image/jpeg",
                    "width": 500,
                    "height": 440,
                    "services": [
                        {
                            "id": "https://www.memoriademadrid.es/iiif/3/1240928",
                            "profile": "http://iiif.io/api/image/3/level1.json",
                            "@type": "http://iiif.io/api/image/3/context.json"
                        }
                    ]
                }
            ],
            "items": [
                {
                    "id": "https://www.memoriademadrid.es/iiif/3/1240928",
                    "type": "AnnotationPage",
                    "items": [
                        {
                            "id": "https://www.memoriademadrid.es/iiif/3/1240928",
                            "type": "Annotation",
                            "motivation": "painting",
                            "target": "https://www.memoriademadrid.es/iiif/3/1240928",
                            "body": {
                                "id": "https://www.memoriademadrid.es/iiif/3/1240928/full/^750,/0/default.jpg",
                                "type": "Image",
                                "format": "image/jpeg",
                                "width": 750,
                                "height": 660,
                                "service": [
                                    {
                                        "id": "https://www.memoriademadrid.es/iiif/2/1240928",
                                        "profile": "http://iiif.io/api/image/2/level2.json",
                                        "type": "ImageService2"
                                    }
                                ]
                            }
                        }
                    ]
                }
            ]
        },
        {
            "id": "https://www.memoriademadrid.es/iiif/536656/canvas/p2",
            "type": "Canvas",
            "label": {
                "es": [
                    2
                ]
            },
            "width": 750,
            "height": 660,
            "thumbnail": [
                {
                    "id": "https://www.memoriademadrid.es/iiif/3/1240929/full/^500,/0/default.jpg",
                    "type": "Image",
                    "format": "image/jpeg",
                    "width": 500,
                    "height": 440,
                    "services": [
                        {
                            "id": "https://www.memoriademadrid.es/iiif/3/1240929",
                            "profile": "http://iiif.io/api/image/3/level1.json",
                            "@type": "http://iiif.io/api/image/3/context.json"
                        }
                    ]
                }
            ],
            "items": [
                {
                    "id": "https://www.memoriademadrid.es/iiif/3/1240929",
                    "type": "AnnotationPage",
                    "items": [
                        {
                            "id": "https://www.memoriademadrid.es/iiif/3/1240929",
                            "type": "Annotation",
                            "motivation": "painting",
                            "target": "https://www.memoriademadrid.es/iiif/3/1240929",
                            "body": {
                                "id": "https://www.memoriademadrid.es/iiif/3/1240929/full/^750,/0/default.jpg",
                                "type": "Image",
                                "format": "image/jpeg",
                                "width": 750,
                                "height": 660,
                                "service": [
                                    {
                                        "id": "https://www.memoriademadrid.es/iiif/2/1240929",
                                        "profile": "http://iiif.io/api/image/2/level2.json",
                                        "type": "ImageService2"
                                    }
                                ]
                            }
                        }
                    ]
                }
            ]
        }
    ],
    "structures": []
}