{
    "id": "https://www.memoriademadrid.es/iiif/manifest/536670",
    "@context": "http://iiif.io/api/presentation/3/context.json",
    "type": "Manifest",
    "label": {
        "es": [
            "Jarro"
        ]
    },
    "summary": {
        "es": [
            "Esmalte estann\u00edfero. Arcilla\r\nVidriado estann\u00edfero. Pintura a mano alzada. Torneado\r\nAltura = 23 cm; Di\u00e1metro base = 10,7 cm; Di\u00e1metro boca = 15, 5 cm; Anchura m\u00e1xima = 19,5 cm"
        ]
    },
    "homepage": [
        {
            "id": "https://www.memoriademadrid.es/view/536670",
            "type": "Text",
            "label": {
                "es": [
                    "Home Page"
                ]
            },
            "format": "text/html"
        }
    ],
    "behavior": [
        "continuous"
    ],
    "thumbnail": [
        {
            "id": "https://www.memoriademadrid.es/thumbnail/536670",
            "type": "Image",
            "format": "image/jpeg",
            "width": 759,
            "height": 1024
        }
    ],
    "metadata": [
        {
            "label": {
                "es": [
                    "A\u00f1o Publicaci\u00f3n"
                ]
            },
            "value": {
                "es": [
                    "1801"
                ]
            }
        },
        {
            "label": {
                "es": [
                    "edm:isShownBy"
                ]
            },
            "value": {
                "es": [
                    "https://www.memoriademadrid.es/viewer/536670"
                ]
            }
        },
        {
            "label": {
                "es": [
                    "edm:object"
                ]
            },
            "value": {
                "es": [
                    "https://www.memoriademadrid.es/thumbnail/536670"
                ]
            }
        },
        {
            "label": {
                "es": [
                    "OpenAccess Estado"
                ]
            },
            "value": {
                "es": [
                    "PUBLISH"
                ]
            }
        },
        {
            "label": {
                "es": [
                    "URL Derechos"
                ]
            },
            "value": {
                "es": [
                    "<a href=http://creativecommons.org/licenses/by-nc/4.0/ >Creative Commons BY-NC 4.0</a>"
                ]
            }
        },
        {
            "label": {
                "es": [
                    "Clase de Patrimonio"
                ]
            },
            "value": {
                "es": [
                    "Patrimonio art\u00edstico"
                ]
            }
        },
        {
            "label": {
                "es": [
                    "OpenAccess Enlace"
                ]
            },
            "value": {
                "es": [
                    "https://www.memoriademadrid.es/view/536670"
                ]
            }
        },
        {
            "label": {
                "es": [
                    "OpenAccess Log"
                ]
            },
            "value": {
                "es": [
                    "Uploaded in OpenAccess at 2025.02.11 08:10:37."
                ]
            }
        },
        {
            "label": {
                "es": [
                    "OpenAccess Perfil"
                ]
            },
            "value": {
                "es": [
                    "Imagen"
                ]
            }
        },
        {
            "label": {
                "es": [
                    "OpenAccess Colecci\u00f3n"
                ]
            },
            "value": {
                "es": [
                    "260321"
                ]
            }
        },
        {
            "label": {
                "es": [
                    "OpenAccess ID Esquema de Metadatos"
                ]
            },
            "value": {
                "es": [
                    "4"
                ]
            }
        },
        {
            "label": {
                "es": [
                    "OpenAccess Nombre"
                ]
            },
            "value": {
                "es": [
                    "Jarro"
                ]
            }
        },
        {
            "label": {
                "es": [
                    "ImportadoDesde"
                ]
            },
            "value": {
                "es": [
                    "Vargas"
                ]
            }
        },
        {
            "label": {
                "es": [
                    "ID Vargas"
                ]
            },
            "value": {
                "es": [
                    "11859"
                ]
            }
        },
        {
            "label": {
                "es": [
                    "Formato"
                ]
            },
            "value": {
                "es": [
                    "image/jpeg"
                ]
            }
        },
        {
            "label": {
                "es": [
                    "Tipo de recurso"
                ]
            },
            "value": {
                "es": [
                    "IMAGE"
                ]
            }
        },
        {
            "label": {
                "es": [
                    "Editor"
                ]
            },
            "value": {
                "es": [
                    "Ayuntamiento de Madrid. \u00c1rea de Las Artes"
                ]
            }
        },
        {
            "label": {
                "es": [
                    "Fecha de creaci\u00f3n final"
                ]
            },
            "value": {
                "es": [
                    "1801-12-31"
                ]
            }
        },
        {
            "label": {
                "es": [
                    "Idioma"
                ]
            },
            "value": {
                "es": [
                    "spa"
                ]
            }
        },
        {
            "label": {
                "es": [
                    "Instituci\u00f3n"
                ]
            },
            "value": {
                "es": [
                    "Museo de San Isidro"
                ]
            }
        },
        {
            "label": {
                "es": [
                    "T\u00edtulo"
                ]
            },
            "value": {
                "es": [
                    "Jarro"
                ]
            }
        },
        {
            "label": {
                "es": [
                    "Fecha del registro"
                ]
            },
            "value": {
                "es": [
                    "2012-07-04"
                ]
            }
        },
        {
            "label": {
                "es": [
                    "Fecha de creaci\u00f3n Matiz"
                ]
            },
            "value": {
                "es": [
                    "Segunda mitad del siglo XIX"
                ]
            }
        },
        {
            "label": {
                "es": [
                    "Fecha de creaci\u00f3n inicial"
                ]
            },
            "value": {
                "es": [
                    "1801-01-01"
                ]
            }
        },
        {
            "label": {
                "es": [
                    "Descripci\u00f3n"
                ]
            },
            "value": {
                "es": [
                    "Esmalte estann\u00edfero. Arcilla\r\nVidriado estann\u00edfero. Pintura a mano alzada. Torneado\r\nAltura = 23 cm; Di\u00e1metro base = 10,7 cm; Di\u00e1metro boca = 15, 5 cm; Anchura m\u00e1xima = 19,5 cm"
                ]
            }
        },
        {
            "label": {
                "es": [
                    "Tipo de documento"
                ]
            },
            "value": {
                "es": [
                    "Cer\u00e1micas y porcelanas"
                ]
            }
        },
        {
            "label": {
                "es": [
                    "Signatura"
                ]
            },
            "value": {
                "es": [
                    "Inv. CE2003/2/32"
                ]
            }
        },
        {
            "label": {
                "es": [
                    "Materia"
                ]
            },
            "value": {
                "es": [
                    "Vajillas",
                    "Loza"
                ]
            }
        },
        {
            "label": {
                "es": [
                    "Comentarios (p\u00fablico)"
                ]
            },
            "value": {
                "es": [
                    "Jarro de loza popular de Manises con decoraci\u00f3n monocroma en azul cobalto. Presenta numerosos paralelismos con la pieza CE2003/2/31, tanto en la forma, que resulta id\u00e9ntica, como en la decoraci\u00f3n, que repite distribuci\u00f3n y motivos, especialmente en la boca, en donde vuelven a sucederse los filetes en el borde, el enrejado de \u00e1ngulos entrelazados bajo aquellos y las tres espigas alineadas, separadas ahora por parejas de rombos en intersecci\u00f3n, motivo que tambi\u00e9n hab\u00edamos visto en alg\u00fan plato de los que forman esta colecci\u00f3n (CE2002/7/10). Var\u00eda, en cambio, el tema central, que ocupa una ancha franja entre el cuello y el comienzo de la inflexi\u00f3n del cuerpo y que consiste en una malla de peque\u00f1as circunferencias que albergan en su interior flores muy esquematizadas, obtenidas a partir de la estampaci\u00f3n sucesiva de un peque\u00f1o tamp\u00f3n o mu\u00f1equilla que da la forma de los p\u00e9talos. \r\n\r\nEste mismo sistema se ha empleado para pintar las dos l\u00edneas de motivos en forma de \"ungla\" o u\u00f1a que, dispuestas entre dos bandas horizontales, enmarcan la composici\u00f3n en su parte superior e inferior. Aunque la t\u00e9cnica pict\u00f3rica m\u00e1s empleada en Manises es el pincel a mano alzada no es infrecuente el uso del esponjado que permite agilizar el trabajo cuando se trata de rellenar una amplia superficie con un mismo motivo, como sucede en el caso que nos ocupa."
                ]
            }
        },
        {
            "label": {
                "es": [
                    "Derechos"
                ]
            },
            "value": {
                "es": [
                    "http://creativecommons.org/licenses/by-nc/4.0/"
                ]
            }
        }
    ],
    "items": [
        {
            "id": "https://www.memoriademadrid.es/iiif/536670/canvas/p1",
            "type": "Canvas",
            "label": {
                "es": [
                    1
                ]
            },
            "width": 750,
            "height": 1012,
            "thumbnail": [
                {
                    "id": "https://www.memoriademadrid.es/iiif/3/1240942/full/^500,/0/default.jpg",
                    "type": "Image",
                    "format": "image/jpeg",
                    "width": 500,
                    "height": 675,
                    "services": [
                        {
                            "id": "https://www.memoriademadrid.es/iiif/3/1240942",
                            "profile": "http://iiif.io/api/image/3/level1.json",
                            "@type": "http://iiif.io/api/image/3/context.json"
                        }
                    ]
                }
            ],
            "items": [
                {
                    "id": "https://www.memoriademadrid.es/iiif/3/1240942",
                    "type": "AnnotationPage",
                    "items": [
                        {
                            "id": "https://www.memoriademadrid.es/iiif/3/1240942",
                            "type": "Annotation",
                            "motivation": "painting",
                            "target": "https://www.memoriademadrid.es/iiif/3/1240942",
                            "body": {
                                "id": "https://www.memoriademadrid.es/iiif/3/1240942/full/^750,/0/default.jpg",
                                "type": "Image",
                                "format": "image/jpeg",
                                "width": 750,
                                "height": 1012,
                                "service": [
                                    {
                                        "id": "https://www.memoriademadrid.es/iiif/2/1240942",
                                        "profile": "http://iiif.io/api/image/2/level2.json",
                                        "type": "ImageService2"
                                    }
                                ]
                            }
                        }
                    ]
                }
            ]
        },
        {
            "id": "https://www.memoriademadrid.es/iiif/536670/canvas/p2",
            "type": "Canvas",
            "label": {
                "es": [
                    2
                ]
            },
            "width": 750,
            "height": 1012,
            "thumbnail": [
                {
                    "id": "https://www.memoriademadrid.es/iiif/3/1240943/full/^500,/0/default.jpg",
                    "type": "Image",
                    "format": "image/jpeg",
                    "width": 500,
                    "height": 675,
                    "services": [
                        {
                            "id": "https://www.memoriademadrid.es/iiif/3/1240943",
                            "profile": "http://iiif.io/api/image/3/level1.json",
                            "@type": "http://iiif.io/api/image/3/context.json"
                        }
                    ]
                }
            ],
            "items": [
                {
                    "id": "https://www.memoriademadrid.es/iiif/3/1240943",
                    "type": "AnnotationPage",
                    "items": [
                        {
                            "id": "https://www.memoriademadrid.es/iiif/3/1240943",
                            "type": "Annotation",
                            "motivation": "painting",
                            "target": "https://www.memoriademadrid.es/iiif/3/1240943",
                            "body": {
                                "id": "https://www.memoriademadrid.es/iiif/3/1240943/full/^750,/0/default.jpg",
                                "type": "Image",
                                "format": "image/jpeg",
                                "width": 750,
                                "height": 1012,
                                "service": [
                                    {
                                        "id": "https://www.memoriademadrid.es/iiif/2/1240943",
                                        "profile": "http://iiif.io/api/image/2/level2.json",
                                        "type": "ImageService2"
                                    }
                                ]
                            }
                        }
                    ]
                }
            ]
        }
    ],
    "structures": []
}