{
    "id": "https://www.memoriademadrid.es/iiif/manifest/536674",
    "@context": "http://iiif.io/api/presentation/3/context.json",
    "type": "Manifest",
    "label": {
        "es": [
            "Jarro"
        ]
    },
    "summary": {
        "es": [
            "Esmalte estann\u00edfero. Arcilla\r\nVidriado estann\u00edfero. Pintura a mano alzada. Torneado\r\nAltura = 19,2 cm; Anchura = 13 cm; Di\u00e1metro base = 7 cm; Di\u00e1metro boca = 9,5 cm."
        ]
    },
    "homepage": [
        {
            "id": "https://www.memoriademadrid.es/view/536674",
            "type": "Text",
            "label": {
                "es": [
                    "Home Page"
                ]
            },
            "format": "text/html"
        }
    ],
    "behavior": [
        "continuous"
    ],
    "thumbnail": [
        {
            "id": "https://www.memoriademadrid.es/thumbnail/536674",
            "type": "Image",
            "format": "image/jpeg",
            "width": 855,
            "height": 1024
        }
    ],
    "metadata": [
        {
            "label": {
                "es": [
                    "A\u00f1o Publicaci\u00f3n"
                ]
            },
            "value": {
                "es": [
                    "1851"
                ]
            }
        },
        {
            "label": {
                "es": [
                    "edm:isShownBy"
                ]
            },
            "value": {
                "es": [
                    "https://www.memoriademadrid.es/viewer/536674"
                ]
            }
        },
        {
            "label": {
                "es": [
                    "edm:object"
                ]
            },
            "value": {
                "es": [
                    "https://www.memoriademadrid.es/thumbnail/536674"
                ]
            }
        },
        {
            "label": {
                "es": [
                    "OpenAccess Estado"
                ]
            },
            "value": {
                "es": [
                    "PUBLISH"
                ]
            }
        },
        {
            "label": {
                "es": [
                    "URL Derechos"
                ]
            },
            "value": {
                "es": [
                    "<a href=http://creativecommons.org/licenses/by-nc/4.0/ >Creative Commons BY-NC 4.0</a>"
                ]
            }
        },
        {
            "label": {
                "es": [
                    "Clase de Patrimonio"
                ]
            },
            "value": {
                "es": [
                    "Patrimonio art\u00edstico"
                ]
            }
        },
        {
            "label": {
                "es": [
                    "OpenAccess Enlace"
                ]
            },
            "value": {
                "es": [
                    "https://www.memoriademadrid.es/view/536674"
                ]
            }
        },
        {
            "label": {
                "es": [
                    "OpenAccess Log"
                ]
            },
            "value": {
                "es": [
                    "Uploaded in OpenAccess at 2025.02.11 08:10:59."
                ]
            }
        },
        {
            "label": {
                "es": [
                    "OpenAccess Perfil"
                ]
            },
            "value": {
                "es": [
                    "Imagen"
                ]
            }
        },
        {
            "label": {
                "es": [
                    "OpenAccess Colecci\u00f3n"
                ]
            },
            "value": {
                "es": [
                    "260321"
                ]
            }
        },
        {
            "label": {
                "es": [
                    "OpenAccess ID Esquema de Metadatos"
                ]
            },
            "value": {
                "es": [
                    "4"
                ]
            }
        },
        {
            "label": {
                "es": [
                    "OpenAccess Nombre"
                ]
            },
            "value": {
                "es": [
                    "Jarro"
                ]
            }
        },
        {
            "label": {
                "es": [
                    "ImportadoDesde"
                ]
            },
            "value": {
                "es": [
                    "Vargas"
                ]
            }
        },
        {
            "label": {
                "es": [
                    "ID Vargas"
                ]
            },
            "value": {
                "es": [
                    "11861"
                ]
            }
        },
        {
            "label": {
                "es": [
                    "Formato"
                ]
            },
            "value": {
                "es": [
                    "image/jpeg"
                ]
            }
        },
        {
            "label": {
                "es": [
                    "Tipo de recurso"
                ]
            },
            "value": {
                "es": [
                    "IMAGE"
                ]
            }
        },
        {
            "label": {
                "es": [
                    "Editor"
                ]
            },
            "value": {
                "es": [
                    "Ayuntamiento de Madrid. \u00c1rea de Las Artes"
                ]
            }
        },
        {
            "label": {
                "es": [
                    "Fecha de creaci\u00f3n final"
                ]
            },
            "value": {
                "es": [
                    "1851-12-31"
                ]
            }
        },
        {
            "label": {
                "es": [
                    "Idioma"
                ]
            },
            "value": {
                "es": [
                    "spa"
                ]
            }
        },
        {
            "label": {
                "es": [
                    "Instituci\u00f3n"
                ]
            },
            "value": {
                "es": [
                    "Museo de San Isidro"
                ]
            }
        },
        {
            "label": {
                "es": [
                    "T\u00edtulo"
                ]
            },
            "value": {
                "es": [
                    "Jarro"
                ]
            }
        },
        {
            "label": {
                "es": [
                    "Fecha del registro"
                ]
            },
            "value": {
                "es": [
                    "2012-07-04"
                ]
            }
        },
        {
            "label": {
                "es": [
                    "Fecha de creaci\u00f3n Matiz"
                ]
            },
            "value": {
                "es": [
                    "Segunda mitad del siglo XIX"
                ]
            }
        },
        {
            "label": {
                "es": [
                    "Fecha de creaci\u00f3n inicial"
                ]
            },
            "value": {
                "es": [
                    "1851-01-01"
                ]
            }
        },
        {
            "label": {
                "es": [
                    "Descripci\u00f3n"
                ]
            },
            "value": {
                "es": [
                    "Esmalte estann\u00edfero. Arcilla\r\nVidriado estann\u00edfero. Pintura a mano alzada. Torneado\r\nAltura = 19,2 cm; Anchura = 13 cm; Di\u00e1metro base = 7 cm; Di\u00e1metro boca = 9,5 cm."
                ]
            }
        },
        {
            "label": {
                "es": [
                    "Tipo de documento"
                ]
            },
            "value": {
                "es": [
                    "Cer\u00e1micas y porcelanas"
                ]
            }
        },
        {
            "label": {
                "es": [
                    "Signatura"
                ]
            },
            "value": {
                "es": [
                    "Inv. CE2003/2/34"
                ]
            }
        },
        {
            "label": {
                "es": [
                    "Materia"
                ]
            },
            "value": {
                "es": [
                    "Vajillas",
                    "Loza"
                ]
            }
        },
        {
            "label": {
                "es": [
                    "Comentarios (p\u00fablico)"
                ]
            },
            "value": {
                "es": [
                    "Jarro moldeado y torneado, de cuerpo ovoide, cuello alto y borde ligeramente exvasado; boca trilobulada y labio redondeado; pie con anillo; asa de cinta. Cuello y base presentan gallones verticales, el primero, y radiales, la base. \r\n\r\nPintado en azul, amarillo y manganeso, sobre cubierta de esmalte blanco lechoso. El motivo decorativo principal se sit\u00faa en el frontal: en el interior de un medall\u00f3n formado por dos l\u00edneas curvas, imagen de la Virgen del Prado sobre su altar, con un halo de querubines y \u00e1ngeles con trompetas, flanqueada por dos jarrones con ramos de azucenas muy simplificados, todo ello sobre un lecho de roleos. El resto del cuerpo se decora con dos cenefas: una de flores moradas enfiladas, enmarcada por doble l\u00ednea horizontal y otra de grandes pabellones amarillos con guirnaldas de hojas moradas. En el cuello ramitos esquem\u00e1ticos alternados y bajo el borde flores amarillas enfiladas. El labio y el arranque del pie presentan sendas l\u00edneas azules. El asa est\u00e1 decorada con una rama de hojas en espiga.\r\n\r\nLas representaciones de la Virgen del Prado, patrona de Talavera de la Reina (Toledo) aparecen en los azulejos talaveranos en el siglo XVII, pero ser\u00e1 en el siglo XIX cuando se popularicen utiliz\u00e1ndose en la decoraci\u00f3n de platos, fuentes, benditeras o, como en este caso, jarros. Al mismo tiempo, se esquematiza su dise\u00f1o hasta hacer irreconocibles algunos detalles y se combina con distintos tipos de cenefas caracter\u00edsticos del siglo XIX, que en muchos casos son simplificaciones de motivos de las series alcore\u00f1as del XVIII. En el caso de este ejemplar se trata de una cenefa de pabellones o colgaduras de tela, asociada con guirnaldas m\u00e1s o menos simplificadas. \r\n\r\nEsquematizaciones de motivos alcore\u00f1os son, tambi\u00e9n, los ramitos que decoran el cuello de la pieza. En cuanto a la forma del jarro, con su decoraci\u00f3n gallonada en cuello y base realizada a molde, aparece hacia mediados del siglo XIX, asociada mayoritariamente a representaciones de la Virgen del Prado. Probablemente se trate de una adaptaci\u00f3n de formas propias de cer\u00e1micas finas e incluso porcelana, donde las formas ovoides de cuellos rectos y gallones o acanaladuras no son raras. La decoraci\u00f3n con gallones y acanaladuras se introdujo en Talavera en la segunda mitad del siglo XVIII, junto a los nuevos modelos formales que imitaban labores alcore\u00f1as o porcelanas, pero ser\u00e1 en el siglo XIX, cuando sean ampliamente utilizados en jarros y jarrones, prefiri\u00e9ndose las acanaladuras oblicuas a las paralelas."
                ]
            }
        },
        {
            "label": {
                "es": [
                    "Derechos"
                ]
            },
            "value": {
                "es": [
                    "http://creativecommons.org/licenses/by-nc/4.0/"
                ]
            }
        }
    ],
    "items": [
        {
            "id": "https://www.memoriademadrid.es/iiif/536674/canvas/p1",
            "type": "Canvas",
            "label": {
                "es": [
                    1
                ]
            },
            "width": 750,
            "height": 898,
            "thumbnail": [
                {
                    "id": "https://www.memoriademadrid.es/iiif/3/1240946/full/^500,/0/default.jpg",
                    "type": "Image",
                    "format": "image/jpeg",
                    "width": 500,
                    "height": 599,
                    "services": [
                        {
                            "id": "https://www.memoriademadrid.es/iiif/3/1240946",
                            "profile": "http://iiif.io/api/image/3/level1.json",
                            "@type": "http://iiif.io/api/image/3/context.json"
                        }
                    ]
                }
            ],
            "items": [
                {
                    "id": "https://www.memoriademadrid.es/iiif/3/1240946",
                    "type": "AnnotationPage",
                    "items": [
                        {
                            "id": "https://www.memoriademadrid.es/iiif/3/1240946",
                            "type": "Annotation",
                            "motivation": "painting",
                            "target": "https://www.memoriademadrid.es/iiif/3/1240946",
                            "body": {
                                "id": "https://www.memoriademadrid.es/iiif/3/1240946/full/^750,/0/default.jpg",
                                "type": "Image",
                                "format": "image/jpeg",
                                "width": 750,
                                "height": 898,
                                "service": [
                                    {
                                        "id": "https://www.memoriademadrid.es/iiif/2/1240946",
                                        "profile": "http://iiif.io/api/image/2/level2.json",
                                        "type": "ImageService2"
                                    }
                                ]
                            }
                        }
                    ]
                }
            ]
        },
        {
            "id": "https://www.memoriademadrid.es/iiif/536674/canvas/p2",
            "type": "Canvas",
            "label": {
                "es": [
                    2
                ]
            },
            "width": 750,
            "height": 898,
            "thumbnail": [
                {
                    "id": "https://www.memoriademadrid.es/iiif/3/1240947/full/^500,/0/default.jpg",
                    "type": "Image",
                    "format": "image/jpeg",
                    "width": 500,
                    "height": 599,
                    "services": [
                        {
                            "id": "https://www.memoriademadrid.es/iiif/3/1240947",
                            "profile": "http://iiif.io/api/image/3/level1.json",
                            "@type": "http://iiif.io/api/image/3/context.json"
                        }
                    ]
                }
            ],
            "items": [
                {
                    "id": "https://www.memoriademadrid.es/iiif/3/1240947",
                    "type": "AnnotationPage",
                    "items": [
                        {
                            "id": "https://www.memoriademadrid.es/iiif/3/1240947",
                            "type": "Annotation",
                            "motivation": "painting",
                            "target": "https://www.memoriademadrid.es/iiif/3/1240947",
                            "body": {
                                "id": "https://www.memoriademadrid.es/iiif/3/1240947/full/^750,/0/default.jpg",
                                "type": "Image",
                                "format": "image/jpeg",
                                "width": 750,
                                "height": 898,
                                "service": [
                                    {
                                        "id": "https://www.memoriademadrid.es/iiif/2/1240947",
                                        "profile": "http://iiif.io/api/image/2/level2.json",
                                        "type": "ImageService2"
                                    }
                                ]
                            }
                        }
                    ]
                }
            ]
        }
    ],
    "structures": []
}