{
    "id": "https://www.memoriademadrid.es/iiif/manifest/536680",
    "@context": "http://iiif.io/api/presentation/3/context.json",
    "type": "Manifest",
    "label": {
        "es": [
            "Jarro"
        ]
    },
    "summary": {
        "es": [
            "Torneado.Vidriado estann\u00edfero. Multicocci\u00f3n oxidante. \r\nPintura a mano alzada\r\nAltura = 17,5 cm; Anchura = 12 cm; Di\u00e1metro base = 6,6 cm; Di\u00e1metro boca = 11 cm."
        ]
    },
    "homepage": [
        {
            "id": "https://www.memoriademadrid.es/view/536680",
            "type": "Text",
            "label": {
                "es": [
                    "Home Page"
                ]
            },
            "format": "text/html"
        }
    ],
    "behavior": [
        "continuous"
    ],
    "thumbnail": [
        {
            "id": "https://www.memoriademadrid.es/thumbnail/536680",
            "type": "Image",
            "format": "image/jpeg",
            "width": 905,
            "height": 1024
        }
    ],
    "metadata": [
        {
            "label": {
                "es": [
                    "Formato"
                ]
            },
            "value": {
                "es": [
                    "image/jpeg"
                ]
            }
        },
        {
            "label": {
                "es": [
                    "edm:isShownBy"
                ]
            },
            "value": {
                "es": [
                    "https://www.memoriademadrid.es/viewer/536680"
                ]
            }
        },
        {
            "label": {
                "es": [
                    "edm:object"
                ]
            },
            "value": {
                "es": [
                    "https://www.memoriademadrid.es/thumbnail/536680"
                ]
            }
        },
        {
            "label": {
                "es": [
                    "OpenAccess Estado"
                ]
            },
            "value": {
                "es": [
                    "PUBLISH"
                ]
            }
        },
        {
            "label": {
                "es": [
                    "OpenAccess Perfil"
                ]
            },
            "value": {
                "es": [
                    "Imagen"
                ]
            }
        },
        {
            "label": {
                "es": [
                    "OpenAccess Colecci\u00f3n"
                ]
            },
            "value": {
                "es": [
                    "260321"
                ]
            }
        },
        {
            "label": {
                "es": [
                    "OpenAccess ID Esquema de Metadatos"
                ]
            },
            "value": {
                "es": [
                    "4"
                ]
            }
        },
        {
            "label": {
                "es": [
                    "OpenAccess Nombre"
                ]
            },
            "value": {
                "es": [
                    "Jarro"
                ]
            }
        },
        {
            "label": {
                "es": [
                    "ImportadoDesde"
                ]
            },
            "value": {
                "es": [
                    "Vargas"
                ]
            }
        },
        {
            "label": {
                "es": [
                    "A\u00f1o Publicaci\u00f3n"
                ]
            },
            "value": {
                "es": [
                    "1851"
                ]
            }
        },
        {
            "label": {
                "es": [
                    "ID Vargas"
                ]
            },
            "value": {
                "es": [
                    "11868"
                ]
            }
        },
        {
            "label": {
                "es": [
                    "Tipo de recurso"
                ]
            },
            "value": {
                "es": [
                    "IMAGE"
                ]
            }
        },
        {
            "label": {
                "es": [
                    "Editor"
                ]
            },
            "value": {
                "es": [
                    "Ayuntamiento de Madrid. \u00c1rea de Las Artes"
                ]
            }
        },
        {
            "label": {
                "es": [
                    "Fecha de creaci\u00f3n final"
                ]
            },
            "value": {
                "es": [
                    "1851-12-31"
                ]
            }
        },
        {
            "label": {
                "es": [
                    "Idioma"
                ]
            },
            "value": {
                "es": [
                    "spa"
                ]
            }
        },
        {
            "label": {
                "es": [
                    "Clase de Patrimonio"
                ]
            },
            "value": {
                "es": [
                    "Patrimonio Art\u00edstico"
                ]
            }
        },
        {
            "label": {
                "es": [
                    "Instituci\u00f3n"
                ]
            },
            "value": {
                "es": [
                    "Museo de San Isidro"
                ]
            }
        },
        {
            "label": {
                "es": [
                    "T\u00edtulo"
                ]
            },
            "value": {
                "es": [
                    "Jarro"
                ]
            }
        },
        {
            "label": {
                "es": [
                    "Fecha de creaci\u00f3n Matiz"
                ]
            },
            "value": {
                "es": [
                    "Segunda mitad del siglo XIX - principios del XX"
                ]
            }
        },
        {
            "label": {
                "es": [
                    "Fecha del registro"
                ]
            },
            "value": {
                "es": [
                    "2012-07-04"
                ]
            }
        },
        {
            "label": {
                "es": [
                    "Fecha de creaci\u00f3n inicial"
                ]
            },
            "value": {
                "es": [
                    "1851-01-01"
                ]
            }
        },
        {
            "label": {
                "es": [
                    "Descripci\u00f3n"
                ]
            },
            "value": {
                "es": [
                    "Torneado.Vidriado estann\u00edfero. Multicocci\u00f3n oxidante. \r\nPintura a mano alzada\r\nAltura = 17,5 cm; Anchura = 12 cm; Di\u00e1metro base = 6,6 cm; Di\u00e1metro boca = 11 cm."
                ]
            }
        },
        {
            "label": {
                "es": [
                    "Tipo de documento"
                ]
            },
            "value": {
                "es": [
                    "Cer\u00e1micas y porcelanas"
                ]
            }
        },
        {
            "label": {
                "es": [
                    "Signatura"
                ]
            },
            "value": {
                "es": [
                    "Inv. CE2003/2/37"
                ]
            }
        },
        {
            "label": {
                "es": [
                    "Materia"
                ]
            },
            "value": {
                "es": [
                    "Vajillas",
                    "Loza"
                ]
            }
        },
        {
            "label": {
                "es": [
                    "Comentarios (p\u00fablico)"
                ]
            },
            "value": {
                "es": [
                    "Jarro torneado, de cuerpo piriforme, cuello largo y ancho, borde exvasado y boca trilobulada de labio redondeado. Pie anular. Asa de tipo salom\u00f3nica, realizada mediante torsi\u00f3n de dos rulos, con bot\u00f3n en su uni\u00f3n con el cuerpo. \r\n\r\nDecoraci\u00f3n bicroma en azul y ocre sobre esmalte blanco, consistente en dos cenefas delimitadas por gruesas l\u00edneas horizontales en ocre. Las cenefas, ambas iguales, est\u00e1n formadas por doble l\u00ednea horizontal en cobalto en cuyo interior se dibuja una cadeneta de motivos ovalados en azul a manera de frutos, en cuyo interior alternan otros motivos ovalados en ocre y azul. La cenefa se completa con sendas puntillas en azul, enfrentadas y muy esquematizadas, realizadas mediante trazos horizontales de longitud decreciente, y puntos.\r\nJarro de Talavera perteneciente a las producciones tard\u00edas m\u00e1s populares, consistentes en la superposici\u00f3n de bandas y cenefas con motivos geom\u00e9tricos. Estos motivos son en realidad resultado de la simplificaci\u00f3n de cenefas florales, puntillas, etc. llevadas a su m\u00e1xima esquematizaci\u00f3n."
                ]
            }
        },
        {
            "label": {
                "es": [
                    "Derechos"
                ]
            },
            "value": {
                "es": [
                    "http://creativecommons.org/licenses/by-nc/4.0/"
                ]
            }
        }
    ],
    "items": [
        {
            "id": "https://www.memoriademadrid.es/iiif/536680/canvas/p1",
            "type": "Canvas",
            "label": {
                "es": [
                    1
                ]
            },
            "width": 750,
            "height": 849,
            "thumbnail": [
                {
                    "id": "https://www.memoriademadrid.es/iiif/3/794218/full/^500,/0/default.jpg",
                    "type": "Image",
                    "format": "image/jpeg",
                    "width": 500,
                    "height": 566,
                    "services": [
                        {
                            "id": "https://www.memoriademadrid.es/iiif/3/794218",
                            "profile": "http://iiif.io/api/image/3/level1.json",
                            "@type": "http://iiif.io/api/image/3/context.json"
                        }
                    ]
                }
            ],
            "items": [
                {
                    "id": "https://www.memoriademadrid.es/iiif/3/794218",
                    "type": "AnnotationPage",
                    "items": [
                        {
                            "id": "https://www.memoriademadrid.es/iiif/3/794218",
                            "type": "Annotation",
                            "motivation": "painting",
                            "target": "https://www.memoriademadrid.es/iiif/3/794218",
                            "body": {
                                "id": "https://www.memoriademadrid.es/iiif/3/794218/full/^750,/0/default.jpg",
                                "type": "Image",
                                "format": "image/jpeg",
                                "width": 750,
                                "height": 849,
                                "service": [
                                    {
                                        "id": "https://www.memoriademadrid.es/iiif/2/794218",
                                        "profile": "http://iiif.io/api/image/2/level2.json",
                                        "type": "ImageService2"
                                    }
                                ]
                            }
                        }
                    ]
                }
            ]
        }
    ],
    "structures": []
}