{
    "id": "https://www.memoriademadrid.es/iiif/manifest/551518",
    "@context": "http://iiif.io/api/presentation/3/context.json",
    "type": "Manifest",
    "label": {
        "en": [
            "Boda en la Capilla del Obispo"
        ],
        "es": [
            "Boda en la Capilla del Obispo"
        ]
    },
    "summary": {
        "es": [
            "Papel fotogr\u00e1fico. Blanco y negro. \r\n11,5 x 17,5 cm. \r\nImagen compartida por Almudena Guti\u00e9rrez S\u00e1nchez."
        ]
    },
    "homepage": [
        {
            "id": "https://www.memoriademadrid.es/view/551518",
            "type": "Text",
            "label": {
                "es": [
                    "Home Page"
                ]
            },
            "format": "text/html"
        }
    ],
    "behavior": [
        "continuous"
    ],
    "thumbnail": [
        {
            "id": "https://www.memoriademadrid.es/thumbnail/551518",
            "type": "Image",
            "format": "image/jpeg",
            "width": 667,
            "height": 1024
        }
    ],
    "metadata": [
        {
            "label": {
                "es": [
                    "Editor"
                ]
            },
            "value": {
                "es": [
                    "Ayuntamiento de Madrid"
                ]
            }
        },
        {
            "label": {
                "es": [
                    "OpenAccess Colecci\u00f3n"
                ]
            },
            "value": {
                "es": [
                    "224843"
                ]
            }
        },
        {
            "label": {
                "es": [
                    "OpenAccess Perfil"
                ]
            },
            "value": {
                "es": [
                    "Imagen"
                ]
            }
        },
        {
            "label": {
                "es": [
                    "OpenAccess ID Esquema de Metadatos"
                ]
            },
            "value": {
                "es": [
                    "4"
                ]
            }
        },
        {
            "label": {
                "es": [
                    "OpenAccess Nombre"
                ]
            },
            "value": {
                "es": [
                    "Boda en la Capilla del Obispo"
                ]
            }
        },
        {
            "label": {
                "es": [
                    "ImportadoDesde"
                ]
            },
            "value": {
                "es": [
                    "Vargas"
                ]
            }
        },
        {
            "label": {
                "es": [
                    "A\u00f1o Publicaci\u00f3n"
                ]
            },
            "value": {
                "es": [
                    "1958"
                ]
            }
        },
        {
            "label": {
                "es": [
                    "Clase de Patrimonio"
                ]
            },
            "value": {
                "es": [
                    "Patrimonio art\u00edstico"
                ]
            }
        },
        {
            "label": {
                "es": [
                    "Notas (privadas)"
                ]
            },
            "value": {
                "es": [
                    "Fuente: Morales Farf\u00e1n, Lurdes. (03/11/2014). Legado de los Austrias: Carlos I . [entrada de blog] Una ventana desde Madrid. Disponible en: http://www.unaventanadesdemadrid.com/austria-carlos-i.html. (Consultado 09/06/2017).\r\n\r\n\"Entre 1962 y 1964 es nuevamente restaurada por Jos\u00e9 Mar\u00eda Rodr\u00edguez Cano y por Jos\u00e9 Manuel Gonz\u00e1lez Valc\u00e1rcel, rehabilitaci\u00f3n proseguida en 1979 por \u00c1ngeles Hern\u00e1ndez-Rubio Mu\u00f1oyerro, en una actuaci\u00f3n, reinaugurada en 1980, que requiri\u00f3 una inversi\u00f3n p\u00fablica de 25 millones de pesetas de entonces, unos 150.000 euros de hoy. Una exposici\u00f3n fotogr\u00e1fica sobre La Piedad de Miguel \u00c1ngel, en marzo del a\u00f1o 2000, puso de relieve riesgos estructurales para el p\u00fablico. Entre las condiciones para su cesi\u00f3n a la Iglesia figuraba la continuidad del culto y su apertura al pueblo de Madrid, que el Gobierno regional madrile\u00f1o posibilit\u00f3 mediante la cuarta restauraci\u00f3n de la Capilla del Obispo, proyectada por Javier Vell\u00e9s a partir de 2001 y ejecutada entre 2006 y 2010.\"  Extra\u00eddo de: Fraguas, Rafael. (26/07/2013) Acceso cerrado a la Capilla del Obispo. El Pa\u00eds. Disponible en: http://ccaa.elpais.com/ccaa/2013/07/26/madrid/1374862733_728393.html \r\n\r\n\r\nM\u00e1s informaci\u00f3n:\r\n\r\nVillalba, Enrique. La Capilla del Obispo recupera su esplendor. 24/06/2010 Madrid diario. Disponible en: http://www.unaventanadesdemadrid.com/austria-carlos-i.html. (Consultado 09/06/2017). \r\n\r\nBarrio Moya, Jos\u00e9 Luis. (2007) La madrile\u00f1a capilla del obispo de Plasencia seg\u00fan un inventario de 1661 [art\u00edculo en blog] Asociaci\u00f3n cultural Coloquios hist\u00f3ricos de Extremadura. Disponible en: http://www.chdetrujillo.com/tag/la-madrilena-capilla-del-obispo-de-plasencia-segun-un-inventario-de-1661/ (Consultado 09/06/2017)."
                ]
            }
        },
        {
            "label": {
                "es": [
                    "URL Derechos"
                ]
            },
            "value": {
                "es": [
                    "<a href=\"http://creativecommons.org/licenses/by-nc/4.0/\">Creative Commons BY-NC 4.0</a>"
                ]
            }
        },
        {
            "label": {
                "es": [
                    "Formato"
                ]
            },
            "value": {
                "es": [
                    "image/jpeg"
                ]
            }
        },
        {
            "label": {
                "es": [
                    "Tipo de recurso"
                ]
            },
            "value": {
                "es": [
                    "IMAGE"
                ]
            }
        },
        {
            "label": {
                "es": [
                    "Latitud/Longitud WGS 84"
                ]
            },
            "value": {
                "es": [
                    "40.41234012,-3.71154968"
                ]
            }
        },
        {
            "label": {
                "es": [
                    "OpenAccess Log"
                ]
            },
            "value": {
                "es": [
                    "Updated in OpenAccess at 2025.12.08 09:48:53."
                ]
            }
        },
        {
            "label": {
                "es": [
                    "OpenAccess Enlace"
                ]
            },
            "value": {
                "es": [
                    "https://www.memoriademadrid.es/view/551518"
                ]
            }
        },
        {
            "label": {
                "es": [
                    "edm:isShownBy"
                ]
            },
            "value": {
                "es": [
                    "https://www.memoriademadrid.es/viewer/551518"
                ]
            }
        },
        {
            "label": {
                "es": [
                    "edm:object"
                ]
            },
            "value": {
                "es": [
                    "https://www.memoriademadrid.es/thumbnail/551518"
                ]
            }
        },
        {
            "label": {
                "es": [
                    "Idioma"
                ]
            },
            "value": {
                "es": [
                    "spa"
                ]
            }
        },
        {
            "label": {
                "es": [
                    "edm:provider"
                ]
            },
            "value": {
                "es": [
                    "Hispana"
                ]
            }
        },
        {
            "label": {
                "es": [
                    "Instituci\u00f3n"
                ]
            },
            "value": {
                "es": [
                    "Aportaciones ciudadanas"
                ]
            }
        },
        {
            "label": {
                "es": [
                    "OpenAccess Estado"
                ]
            },
            "value": {
                "es": [
                    "PUBLISH"
                ]
            }
        },
        {
            "label": {
                "es": [
                    "ID Vargas"
                ]
            },
            "value": {
                "es": [
                    "253270"
                ]
            }
        },
        {
            "label": {
                "en": [
                    "access_level"
                ]
            },
            "value": {
                "en": [
                    "consulta_sala"
                ]
            }
        },
        {
            "label": {
                "en": [
                    "T\u00edtulo"
                ],
                "es": [
                    "T\u00edtulo"
                ]
            },
            "value": {
                "en": [
                    "Boda en la Capilla del Obispo"
                ],
                "es": [
                    "Boda en la Capilla del Obispo"
                ]
            }
        },
        {
            "label": {
                "es": [
                    "Fecha del registro"
                ]
            },
            "value": {
                "es": [
                    "2017-06-08"
                ]
            }
        },
        {
            "label": {
                "es": [
                    "Fecha de creaci\u00f3n Matiz"
                ]
            },
            "value": {
                "es": [
                    "20 de Enero de 1958"
                ]
            }
        },
        {
            "label": {
                "es": [
                    "Fecha de creaci\u00f3n inicial"
                ]
            },
            "value": {
                "es": [
                    "1958-01-20"
                ]
            }
        },
        {
            "label": {
                "es": [
                    "Lugar"
                ]
            },
            "value": {
                "es": [
                    "Madrid (Centro)"
                ]
            }
        },
        {
            "label": {
                "es": [
                    "Descripci\u00f3n"
                ]
            },
            "value": {
                "es": [
                    "Papel fotogr\u00e1fico. Blanco y negro. \r\n11,5 x 17,5 cm. \r\nImagen compartida por Almudena Guti\u00e9rrez S\u00e1nchez."
                ]
            }
        },
        {
            "label": {
                "es": [
                    "Tipo de documento"
                ]
            },
            "value": {
                "es": [
                    "Fotograf\u00edas"
                ]
            }
        },
        {
            "label": {
                "es": [
                    "Signatura"
                ]
            },
            "value": {
                "es": [
                    "MDB_IvanDeVargas_20170520_015"
                ]
            }
        },
        {
            "label": {
                "es": [
                    "Materia"
                ]
            },
            "value": {
                "es": [
                    "Plaza de la Paja",
                    "Bodas"
                ]
            }
        },
        {
            "label": {
                "es": [
                    "Comentarios (p\u00fablico)"
                ]
            },
            "value": {
                "es": [
                    "Los novios, Pepita y Eduardo, despu\u00e9s de la ceremonia frente a una capilla que probablemente se corresponda con el lado izquierdo cerca de la entrada. En los laterales de la entrada hay dos peque\u00f1as capillas de menor importancia que han sido totalmente modificadas. Las esculturas ya no se encuentran en este templo. \r\n\r\nEn el reverso, sello del fot\u00f3grafo Berrocal, con n\u00famero 15/16142 indicando el orden de la serie de fotograf\u00edas. \r\n\r\nLa Capilla del Obispo, de estilo renacentista, fue construida en el Siglo XVI por la familia Vargas con el nombre de Capilla de Nuestra Se\u00f1ora y de San Juan de Letr\u00e1n. Quer\u00edan trasladar all\u00ed los restos de San Isidro, patrono de Madrid lo que ocasion\u00f3 litigios con la Iglesia de San Andr\u00e9s con la que lindaba. Ambos edificios estuvieron conectados hasta 1544 cuando los restos de San Isidro retornaron a la iglesia y la puerta que comunicaba los edificios fue tapiada. Fue entonces cuando Don Gutierre de Carvajal y Vargas, Obispo de Plasencia decidi\u00f3 convertirla en capilla funeraria de los Vargas, de ah\u00ed el nombre por el que es conocida. Al principio de la Guerra Civil Espa\u00f1ola la Iglesia de San Andr\u00e9s y la Capilla de San Isidro fueron quemadas, pero esta capilla se salv\u00f3 de la destrucci\u00f3n al no tener comunicaci\u00f3n entre ellas. A partir de 1940 la Parroquia de San Andr\u00e9s se traslada a la Capilla del Obispo, all\u00ed permanece hasta 1966, a\u00f1o en el que pasa definitivamente a la nueva Iglesia de San Andr\u00e9s."
                ]
            }
        },
        {
            "label": {
                "es": [
                    "Derechos"
                ]
            },
            "value": {
                "es": [
                    "http://creativecommons.org/licenses/by-nc/4.0/"
                ]
            }
        }
    ],
    "items": [
        {
            "id": "https://www.memoriademadrid.es/iiif/551518/canvas/p1",
            "type": "Canvas",
            "label": {
                "es": [
                    1
                ]
            },
            "width": 1000,
            "height": 1536,
            "thumbnail": [
                {
                    "id": "https://www.memoriademadrid.es/iiif/3/1335483/full/^500,/0/default.jpg",
                    "type": "Image",
                    "format": "image/jpeg",
                    "width": 0,
                    "height": 0,
                    "services": [
                        {
                            "id": "https://www.memoriademadrid.es/iiif/3/1335483",
                            "profile": "http://iiif.io/api/image/3/level1.json",
                            "@type": "http://iiif.io/api/image/3/context.json"
                        }
                    ]
                }
            ],
            "items": [
                {
                    "id": "https://www.memoriademadrid.es/iiif/3/1335483",
                    "type": "AnnotationPage",
                    "items": [
                        {
                            "id": "https://www.memoriademadrid.es/iiif/3/1335483",
                            "type": "Annotation",
                            "motivation": "painting",
                            "target": "https://www.memoriademadrid.es/iiif/3/1335483",
                            "body": {
                                "id": "https://www.memoriademadrid.es/iiif/3/1335483/full/^1000,/0/default.jpg",
                                "type": "Image",
                                "format": "image/jpeg",
                                "width": 1000,
                                "height": 1536,
                                "service": [
                                    {
                                        "id": "https://www.memoriademadrid.es/iiif/2/1335483",
                                        "profile": "http://iiif.io/api/image/2/level2.json",
                                        "type": "ImageService2"
                                    }
                                ]
                            }
                        }
                    ]
                }
            ]
        },
        {
            "id": "https://www.memoriademadrid.es/iiif/551518/canvas/p2",
            "type": "Canvas",
            "label": {
                "es": [
                    2
                ]
            },
            "width": 1000,
            "height": 1536,
            "thumbnail": [
                {
                    "id": "https://www.memoriademadrid.es/iiif/3/1335484/full/^500,/0/default.jpg",
                    "type": "Image",
                    "format": "image/jpeg",
                    "width": 500,
                    "height": 768,
                    "services": [
                        {
                            "id": "https://www.memoriademadrid.es/iiif/3/1335484",
                            "profile": "http://iiif.io/api/image/3/level1.json",
                            "@type": "http://iiif.io/api/image/3/context.json"
                        }
                    ]
                }
            ],
            "items": [
                {
                    "id": "https://www.memoriademadrid.es/iiif/3/1335484",
                    "type": "AnnotationPage",
                    "items": [
                        {
                            "id": "https://www.memoriademadrid.es/iiif/3/1335484",
                            "type": "Annotation",
                            "motivation": "painting",
                            "target": "https://www.memoriademadrid.es/iiif/3/1335484",
                            "body": {
                                "id": "https://www.memoriademadrid.es/iiif/3/1335484/full/^1000,/0/default.jpg",
                                "type": "Image",
                                "format": "image/jpeg",
                                "width": 1000,
                                "height": 1536,
                                "service": [
                                    {
                                        "id": "https://www.memoriademadrid.es/iiif/2/1335484",
                                        "profile": "http://iiif.io/api/image/2/level2.json",
                                        "type": "ImageService2"
                                    }
                                ]
                            }
                        }
                    ]
                }
            ]
        }
    ],
    "structures": []
}