{
    "id": "https://www.memoriademadrid.es/iiif/manifest/551524",
    "@context": "http://iiif.io/api/presentation/3/context.json",
    "type": "Manifest",
    "label": {
        "en": [
            "Panor\u00e1mica desde el R\u00edo Manzanares"
        ],
        "es": [
            "Panor\u00e1mica desde el R\u00edo Manzanares"
        ]
    },
    "summary": {
        "es": [
            "L\u00e1mina impresa en fototipia Hauser y Menet. \r\nPapel, blanco y negro. \r\n60 x 12,5 cm. con marco de madera dorada y cristal.\r\nImagen compartida por Manuela Bern\u00e1ldez Dom\u00ednguez."
        ]
    },
    "homepage": [
        {
            "id": "https://www.memoriademadrid.es/view/551524",
            "type": "Text",
            "label": {
                "es": [
                    "Home Page"
                ]
            },
            "format": "text/html"
        }
    ],
    "behavior": [
        "continuous"
    ],
    "thumbnail": [
        {
            "id": "https://www.memoriademadrid.es/thumbnail/551524",
            "type": "Image",
            "format": "image/jpeg",
            "width": 1024,
            "height": 274
        }
    ],
    "metadata": [
        {
            "label": {
                "es": [
                    "Notas (privadas)"
                ]
            },
            "value": {
                "es": [
                    "Fot\u00f3grafo: Loygorri. [determinar autoridad]\r\nPlan Especial R\u00edo Manzanares. Memoria Hist\u00f3rica. Disponible en: http://www.madrid.es/UnidadesDescentralizadas/ProyectosSingularesUrbanismo/ProyectoMadridRio/Ficheros/AprobacionDefinitva/A03MemHistorica3.3.pdf (Consultado 12/04/2017)\r\n  D\u00edaz, Arturo. 30 A\u00f1os de la M30. El Pa\u00eds. Madrid  2004/11/11. Disponible en: http://elpais.com/diario/2004/11/11/madrid/1100175864_850215.html Consultado 11/04/2017.\r\n\r\nOrtega Vidal, J ; Mart\u00ednez D\u00edaz, A. Mar\u00edn Perell\u00f3n, F.J. Otra obra consultada: Entre los Puentes del Rey y de Segovia. Secuencias gr\u00e1ficas del rio Manzanares desde el siglo XVI al XX. Ayuntamiento de Madrid. 2008."
                ]
            }
        },
        {
            "label": {
                "es": [
                    "OpenAccess Estado"
                ]
            },
            "value": {
                "es": [
                    "PUBLISH"
                ]
            }
        },
        {
            "label": {
                "es": [
                    "edm:provider"
                ]
            },
            "value": {
                "es": [
                    "Hispana"
                ]
            }
        },
        {
            "label": {
                "es": [
                    "edm:object"
                ]
            },
            "value": {
                "es": [
                    "https://www.memoriademadrid.es/thumbnail/551524"
                ]
            }
        },
        {
            "label": {
                "es": [
                    "edm:isShownBy"
                ]
            },
            "value": {
                "es": [
                    "https://www.memoriademadrid.es/viewer/551524"
                ]
            }
        },
        {
            "label": {
                "es": [
                    "OpenAccess Enlace"
                ]
            },
            "value": {
                "es": [
                    "https://www.memoriademadrid.es/view/551524"
                ]
            }
        },
        {
            "label": {
                "es": [
                    "OpenAccess Log"
                ]
            },
            "value": {
                "es": [
                    "Updated in OpenAccess at 2025.12.08 09:56:08."
                ]
            }
        },
        {
            "label": {
                "es": [
                    "URL Derechos"
                ]
            },
            "value": {
                "es": [
                    "<a href=\"http://creativecommons.org/licenses/by-nc/4.0/\">Creative Commons BY-NC 4.0</a>"
                ]
            }
        },
        {
            "label": {
                "es": [
                    "Clase de Patrimonio"
                ]
            },
            "value": {
                "es": [
                    "Patrimonio art\u00edstico"
                ]
            }
        },
        {
            "label": {
                "es": [
                    "OpenAccess Colecci\u00f3n"
                ]
            },
            "value": {
                "es": [
                    "224843"
                ]
            }
        },
        {
            "label": {
                "es": [
                    "OpenAccess Perfil"
                ]
            },
            "value": {
                "es": [
                    "Imagen"
                ]
            }
        },
        {
            "label": {
                "es": [
                    "OpenAccess ID Esquema de Metadatos"
                ]
            },
            "value": {
                "es": [
                    "4"
                ]
            }
        },
        {
            "label": {
                "es": [
                    "OpenAccess Nombre"
                ]
            },
            "value": {
                "es": [
                    "Panor\u00e1mica desde el R\u00edo Manzanares"
                ]
            }
        },
        {
            "label": {
                "es": [
                    "ImportadoDesde"
                ]
            },
            "value": {
                "es": [
                    "Vargas"
                ]
            }
        },
        {
            "label": {
                "es": [
                    "A\u00f1o Publicaci\u00f3n"
                ]
            },
            "value": {
                "es": [
                    "1959"
                ]
            }
        },
        {
            "label": {
                "en": [
                    "access_level"
                ]
            },
            "value": {
                "en": [
                    "consulta_sala"
                ]
            }
        },
        {
            "label": {
                "es": [
                    "Formato"
                ]
            },
            "value": {
                "es": [
                    "image/jpeg"
                ]
            }
        },
        {
            "label": {
                "es": [
                    "ID Vargas"
                ]
            },
            "value": {
                "es": [
                    "253564"
                ]
            }
        },
        {
            "label": {
                "es": [
                    "Tipo de recurso"
                ]
            },
            "value": {
                "es": [
                    "IMAGE"
                ]
            }
        },
        {
            "label": {
                "es": [
                    "Editor"
                ]
            },
            "value": {
                "es": [
                    "Ayuntamiento de Madrid"
                ]
            }
        },
        {
            "label": {
                "es": [
                    "Latitud/Longitud WGS 84"
                ]
            },
            "value": {
                "es": [
                    "40.4159426,-3.72365171"
                ]
            }
        },
        {
            "label": {
                "es": [
                    "Instituci\u00f3n"
                ]
            },
            "value": {
                "es": [
                    "Aportaciones ciudadanas"
                ]
            }
        },
        {
            "label": {
                "es": [
                    "Idioma"
                ]
            },
            "value": {
                "es": [
                    "spa"
                ]
            }
        },
        {
            "label": {
                "es": [
                    "Fecha de creaci\u00f3n final"
                ]
            },
            "value": {
                "es": [
                    "1972-12-31"
                ]
            }
        },
        {
            "label": {
                "en": [
                    "T\u00edtulo"
                ],
                "es": [
                    "T\u00edtulo"
                ]
            },
            "value": {
                "en": [
                    "Panor\u00e1mica desde el R\u00edo Manzanares"
                ],
                "es": [
                    "Panor\u00e1mica desde el R\u00edo Manzanares"
                ]
            }
        },
        {
            "label": {
                "es": [
                    "Fecha de creaci\u00f3n inicial"
                ]
            },
            "value": {
                "es": [
                    "1959-01-01"
                ]
            }
        },
        {
            "label": {
                "es": [
                    "Fecha de creaci\u00f3n Matiz"
                ]
            },
            "value": {
                "es": [
                    "Entre 1959 y 1972"
                ]
            }
        },
        {
            "label": {
                "es": [
                    "Fecha del registro"
                ]
            },
            "value": {
                "es": [
                    "2017-06-13"
                ]
            }
        },
        {
            "label": {
                "es": [
                    "Lugar"
                ]
            },
            "value": {
                "es": [
                    "Madrid (Moncloa-Aravaca)"
                ]
            }
        },
        {
            "label": {
                "es": [
                    "Descripci\u00f3n"
                ]
            },
            "value": {
                "es": [
                    "L\u00e1mina impresa en fototipia Hauser y Menet. \r\nPapel, blanco y negro. \r\n60 x 12,5 cm. con marco de madera dorada y cristal.\r\nImagen compartida por Manuela Bern\u00e1ldez Dom\u00ednguez."
                ]
            }
        },
        {
            "label": {
                "es": [
                    "Tipo de documento"
                ]
            },
            "value": {
                "es": [
                    "Fotograf\u00edas"
                ]
            }
        },
        {
            "label": {
                "es": [
                    "Signatura"
                ]
            },
            "value": {
                "es": [
                    "MDB_IvanDeVargas_20170304_002"
                ]
            }
        },
        {
            "label": {
                "es": [
                    "Materia"
                ]
            },
            "value": {
                "es": [
                    "Elefante",
                    "Prehistoria"
                ]
            }
        },
        {
            "label": {
                "es": [
                    "Comentarios (p\u00fablico)"
                ]
            },
            "value": {
                "es": [
                    "Posible composici\u00f3n en tres fotograf\u00edas o panor\u00e1mica doblada en tres partes. El punto central de la vista se corresponder\u00eda con el actual Madrid Rio en la confluencia con el inicio de Avenida de Portugal. La propietaria del cuadro indica que para contemplar toda esa vista es necesario trasladarse a dos terrazas del edificio. Ella conoce la zona desde  aproximadamente 1973 y vio c\u00f3mo se empezaba a construir la M30 y c\u00f3mo fue posteriormente soterrada.\r\n\r\nEntre otros lugares, de izquierda a derecha se ve:\r\nEdificios y arquitectura: Plaza Espa\u00f1a: Torre de Madrid y Edificio Espa\u00f1a \u2013 Palacio Real \u2013Plaza de la Armer\u00eda -  la Catedral de la Almudena en construcci\u00f3n -   presa con paso de peatones construida en 1955 \u2013 Ermita de la Virgen del Puerto \u2013 Viaducto - Seminario Conciliar - Puente de Segovia Bas\u00edlica de San Francisco el Grande \u2013 Nueva edificaci\u00f3n en el Paseo de la Virgen del Puerto a\u00fan en construcci\u00f3n.\r\nParques: Campo del Moro \u2013 Cuesta de la Vega -  Parque de Atenas \u2013 Las Vistillas \u2013 Cuesta de los Ciegos \u2013 Cuesta de San Francisco el Grande \r\nProbablemente la foto fue tomada entre los a\u00f1os 60  o primeros 70  (No figura la M30, inaugurada el 11 de noviembre de 1974 por Arias Navarro )"
                ]
            }
        },
        {
            "label": {
                "es": [
                    "Derechos"
                ]
            },
            "value": {
                "es": [
                    "http://creativecommons.org/licenses/by-nc/4.0/"
                ]
            }
        }
    ],
    "items": [
        {
            "id": "https://www.memoriademadrid.es/iiif/551524/canvas/p1",
            "type": "Canvas",
            "label": {
                "es": [
                    1
                ]
            },
            "width": 1000,
            "height": 268,
            "thumbnail": [
                {
                    "id": "https://www.memoriademadrid.es/iiif/3/1335491/full/^500,/0/default.jpg",
                    "type": "Image",
                    "format": "image/jpeg",
                    "width": 500,
                    "height": 134,
                    "services": [
                        {
                            "id": "https://www.memoriademadrid.es/iiif/3/1335491",
                            "profile": "http://iiif.io/api/image/3/level1.json",
                            "@type": "http://iiif.io/api/image/3/context.json"
                        }
                    ]
                }
            ],
            "items": [
                {
                    "id": "https://www.memoriademadrid.es/iiif/3/1335491",
                    "type": "AnnotationPage",
                    "items": [
                        {
                            "id": "https://www.memoriademadrid.es/iiif/3/1335491",
                            "type": "Annotation",
                            "motivation": "painting",
                            "target": "https://www.memoriademadrid.es/iiif/3/1335491",
                            "body": {
                                "id": "https://www.memoriademadrid.es/iiif/3/1335491/full/^1000,/0/default.jpg",
                                "type": "Image",
                                "format": "image/jpeg",
                                "width": 1000,
                                "height": 268,
                                "service": [
                                    {
                                        "id": "https://www.memoriademadrid.es/iiif/2/1335491",
                                        "profile": "http://iiif.io/api/image/2/level2.json",
                                        "type": "ImageService2"
                                    }
                                ]
                            }
                        }
                    ]
                }
            ]
        },
        {
            "id": "https://www.memoriademadrid.es/iiif/551524/canvas/p2",
            "type": "Canvas",
            "label": {
                "es": [
                    2
                ]
            },
            "width": 1000,
            "height": 268,
            "thumbnail": [
                {
                    "id": "https://www.memoriademadrid.es/iiif/3/1335492/full/^500,/0/default.jpg",
                    "type": "Image",
                    "format": "image/jpeg",
                    "width": 500,
                    "height": 134,
                    "services": [
                        {
                            "id": "https://www.memoriademadrid.es/iiif/3/1335492",
                            "profile": "http://iiif.io/api/image/3/level1.json",
                            "@type": "http://iiif.io/api/image/3/context.json"
                        }
                    ]
                }
            ],
            "items": [
                {
                    "id": "https://www.memoriademadrid.es/iiif/3/1335492",
                    "type": "AnnotationPage",
                    "items": [
                        {
                            "id": "https://www.memoriademadrid.es/iiif/3/1335492",
                            "type": "Annotation",
                            "motivation": "painting",
                            "target": "https://www.memoriademadrid.es/iiif/3/1335492",
                            "body": {
                                "id": "https://www.memoriademadrid.es/iiif/3/1335492/full/^1000,/0/default.jpg",
                                "type": "Image",
                                "format": "image/jpeg",
                                "width": 1000,
                                "height": 268,
                                "service": [
                                    {
                                        "id": "https://www.memoriademadrid.es/iiif/2/1335492",
                                        "profile": "http://iiif.io/api/image/2/level2.json",
                                        "type": "ImageService2"
                                    }
                                ]
                            }
                        }
                    ]
                }
            ]
        }
    ],
    "structures": []
}