{
    "id": "https://www.memoriademadrid.es/iiif/manifest/575175",
    "@context": "http://iiif.io/api/presentation/3/context.json",
    "type": "Manifest",
    "label": {
        "es": [
            "Pieza de ajedrez: Pe\u00f3n"
        ]
    },
    "summary": {
        "es": [
            "Materia: Talco Blanquecino y gris claro\r\nT\u00e9cnica: Tallado\r\nDimensiones: Altura = 3,50 cm\r\nBase: Di\u00e1metro = 27,50 cm\r\n\r\nCuerpo cil\u00edndrico rematado por un casquete troncoc\u00f3nico. Macizo con la base c\u00f3ncava y un peque\u00f1o umbo central. Liso y de color blanco-grisaceo.\r\n\r\nFoto: Miguel \u00c1ngel Otero Ib\u00e1\u00f1ez"
        ]
    },
    "homepage": [
        {
            "id": "https://www.memoriademadrid.es/view/575175",
            "type": "Text",
            "label": {
                "es": [
                    "Home Page"
                ]
            },
            "format": "text/html"
        }
    ],
    "behavior": [
        "continuous"
    ],
    "thumbnail": [
        {
            "id": "https://www.memoriademadrid.es/thumbnail/575175",
            "type": "Image",
            "format": "image/jpeg",
            "width": 683,
            "height": 1024
        }
    ],
    "metadata": [
        {
            "label": {
                "es": [
                    "A\u00f1o Publicaci\u00f3n"
                ]
            },
            "value": {
                "es": [
                    "801"
                ]
            }
        },
        {
            "label": {
                "es": [
                    "edm:provider"
                ]
            },
            "value": {
                "es": [
                    "Hispana"
                ]
            }
        },
        {
            "label": {
                "es": [
                    "edm:object"
                ]
            },
            "value": {
                "es": [
                    "https://www.memoriademadrid.es/thumbnail/575175"
                ]
            }
        },
        {
            "label": {
                "es": [
                    "edm:isShownBy"
                ]
            },
            "value": {
                "es": [
                    "https://www.memoriademadrid.es/viewer/575175"
                ]
            }
        },
        {
            "label": {
                "es": [
                    "OpenAccess Enlace"
                ]
            },
            "value": {
                "es": [
                    "https://www.memoriademadrid.es/view/575175"
                ]
            }
        },
        {
            "label": {
                "es": [
                    "OpenAccess Estado"
                ]
            },
            "value": {
                "es": [
                    "PUBLISH"
                ]
            }
        },
        {
            "label": {
                "es": [
                    "URL Derechos"
                ]
            },
            "value": {
                "es": [
                    "<a href=http://creativecommons.org/licenses/by-nc/4.0/ >Creative Commons BY-NC 4.0</a>"
                ]
            }
        },
        {
            "label": {
                "es": [
                    "Clase de Patrimonio"
                ]
            },
            "value": {
                "es": [
                    "Patrimonio art\u00edstico"
                ]
            }
        },
        {
            "label": {
                "es": [
                    "OpenAccess Log"
                ]
            },
            "value": {
                "es": [
                    "Uploaded in OpenAccess at 2025.02.18 06:26:06."
                ]
            }
        },
        {
            "label": {
                "es": [
                    "OpenAccess Perfil"
                ]
            },
            "value": {
                "es": [
                    "Imagen"
                ]
            }
        },
        {
            "label": {
                "es": [
                    "OpenAccess Colecci\u00f3n"
                ]
            },
            "value": {
                "es": [
                    "260321"
                ]
            }
        },
        {
            "label": {
                "es": [
                    "OpenAccess ID Esquema de Metadatos"
                ]
            },
            "value": {
                "es": [
                    "4"
                ]
            }
        },
        {
            "label": {
                "es": [
                    "OpenAccess Nombre"
                ]
            },
            "value": {
                "es": [
                    "Pieza de ajedrez: Pe\u00f3n"
                ]
            }
        },
        {
            "label": {
                "es": [
                    "ImportadoDesde"
                ]
            },
            "value": {
                "es": [
                    "Vargas"
                ]
            }
        },
        {
            "label": {
                "es": [
                    "ID Vargas"
                ]
            },
            "value": {
                "es": [
                    "410315"
                ]
            }
        },
        {
            "label": {
                "es": [
                    "Formato"
                ]
            },
            "value": {
                "es": [
                    "image/jpeg"
                ]
            }
        },
        {
            "label": {
                "es": [
                    "Tipo de recurso"
                ]
            },
            "value": {
                "es": [
                    "IMAGE"
                ]
            }
        },
        {
            "label": {
                "es": [
                    "Editor"
                ]
            },
            "value": {
                "es": [
                    "Ayuntamiento de Madrid"
                ]
            }
        },
        {
            "label": {
                "es": [
                    "Fecha de creaci\u00f3n final"
                ]
            },
            "value": {
                "es": [
                    "1100-12-31"
                ]
            }
        },
        {
            "label": {
                "es": [
                    "Instituci\u00f3n"
                ]
            },
            "value": {
                "es": [
                    "Museo de San Isidro"
                ]
            }
        },
        {
            "label": {
                "es": [
                    "Idioma"
                ]
            },
            "value": {
                "es": [
                    "spa"
                ]
            }
        },
        {
            "label": {
                "es": [
                    "T\u00edtulo"
                ]
            },
            "value": {
                "es": [
                    "Pieza de ajedrez: Pe\u00f3n"
                ]
            }
        },
        {
            "label": {
                "es": [
                    "Fecha del registro"
                ]
            },
            "value": {
                "es": [
                    "2022-01-31"
                ]
            }
        },
        {
            "label": {
                "es": [
                    "Fecha de creaci\u00f3n Matiz"
                ]
            },
            "value": {
                "es": [
                    "Siglos IX-XII"
                ]
            }
        },
        {
            "label": {
                "es": [
                    "Fecha de creaci\u00f3n inicial"
                ]
            },
            "value": {
                "es": [
                    "801-01-01"
                ]
            }
        },
        {
            "label": {
                "es": [
                    "Lugar"
                ]
            },
            "value": {
                "es": [
                    "Madrid"
                ]
            }
        },
        {
            "label": {
                "es": [
                    "Descripci\u00f3n"
                ]
            },
            "value": {
                "es": [
                    "Materia: Talco Blanquecino y gris claro\r\nT\u00e9cnica: Tallado\r\nDimensiones: Altura = 3,50 cm\r\nBase: Di\u00e1metro = 27,50 cm\r\n\r\nCuerpo cil\u00edndrico rematado por un casquete troncoc\u00f3nico. Macizo con la base c\u00f3ncava y un peque\u00f1o umbo central. Liso y de color blanco-grisaceo.\r\n\r\nFoto: Miguel \u00c1ngel Otero Ib\u00e1\u00f1ez"
                ]
            }
        },
        {
            "label": {
                "es": [
                    "Tipo de documento"
                ]
            },
            "value": {
                "es": [
                    "Arqueolog\u00eda"
                ]
            }
        },
        {
            "label": {
                "es": [
                    "Signatura"
                ]
            },
            "value": {
                "es": [
                    "Inv. CE1986/1/23"
                ]
            }
        },
        {
            "label": {
                "es": [
                    "Materia"
                ]
            },
            "value": {
                "es": [
                    "Comedias",
                    "Teatro espa\u00f1ol-S.XVII"
                ]
            }
        },
        {
            "label": {
                "es": [
                    "Comentarios (p\u00fablico)"
                ]
            },
            "value": {
                "es": [
                    "La pieza por su forma corresponde a un pe\u00f3n de ajedrez y fue encontrado durante las excavaciones realizadas en la zona de la muralla isl\u00e1mica de Madrid en un silo con material isl\u00e1mico. Esta pieza apareci\u00f3 aislada, sin embargo la pr\u00e1ctica del juego de ajedrez queda constatada en el Madrid musulm\u00e1n por otros dos restos arqueol\u00f3gicos, el remate de una torre y parte de un alfil, hallados en el yacimiento de Angosta de los Mancebos.\r\n\r\nEl pe\u00f3n madrile\u00f1o repite de una manera sencilla la forma tradicional de representaci\u00f3n del soldado de infanter\u00eda, formas troncopiramidales o troncoc\u00f3nicas, con aristas o sin ellas, y con el tama\u00f1o m\u00e1s peque\u00f1o de todo el conjunto correspondiendo a su escaso grado militar.\r\n\r\nEn cuanto a la cronolog\u00eda de la pieza es dif\u00edcil de concretar por hallase en un basurero y carecer por tanto de referencias estratigr\u00e1ficas. Al contener el silo material de relleno isl\u00e1mico el contexto temporal estar\u00eda dentro de los l\u00edmites de la fundaci\u00f3n de Madrid -mediados del siglo IX- y su conquista por los cristianos o fechas muy poco posteriores.\r\n\r\nComentario extra\u00eddo del Catalogo en l\u00ednea del Museo de San Isidro. Los Or\u00edgenes de Madrid"
                ]
            }
        },
        {
            "label": {
                "es": [
                    "URL Cat\u00e1logo"
                ]
            },
            "value": {
                "es": [
                    "http://ceres.mcu.es/pages/Main?idt=129990&inventary=CE1986/1/23&table=FMUS&museum=MOM"
                ]
            }
        },
        {
            "label": {
                "es": [
                    "Derechos"
                ]
            },
            "value": {
                "es": [
                    "http://creativecommons.org/licenses/by-nc/4.0/"
                ]
            }
        },
        {
            "label": {
                "es": [
                    "Enlace Externo"
                ]
            },
            "value": {
                "es": [
                    "<a href=\"http://ceres.mcu.es/pages/Main?idt=129990&inventary=CE1986/1/23&table=FMUS&museum=MOM\">Ver en el cat\u00e1logo</a>"
                ]
            }
        }
    ],
    "items": [
        {
            "id": "https://www.memoriademadrid.es/iiif/575175/canvas/p1",
            "type": "Canvas",
            "label": {
                "es": [
                    1
                ]
            },
            "width": 512,
            "height": 768,
            "thumbnail": [
                {
                    "id": "https://www.memoriademadrid.es/iiif/3/1307629/full/^500,/0/default.jpg",
                    "type": "Image",
                    "format": "image/jpeg",
                    "width": 500,
                    "height": 750,
                    "services": [
                        {
                            "id": "https://www.memoriademadrid.es/iiif/3/1307629",
                            "profile": "http://iiif.io/api/image/3/level1.json",
                            "@type": "http://iiif.io/api/image/3/context.json"
                        }
                    ]
                }
            ],
            "items": [
                {
                    "id": "https://www.memoriademadrid.es/iiif/3/1307629",
                    "type": "AnnotationPage",
                    "items": [
                        {
                            "id": "https://www.memoriademadrid.es/iiif/3/1307629",
                            "type": "Annotation",
                            "motivation": "painting",
                            "target": "https://www.memoriademadrid.es/iiif/3/1307629",
                            "body": {
                                "id": "https://www.memoriademadrid.es/iiif/3/1307629/full/^512,/0/default.jpg",
                                "type": "Image",
                                "format": "image/jpeg",
                                "width": 512,
                                "height": 768,
                                "service": [
                                    {
                                        "id": "https://www.memoriademadrid.es/iiif/2/1307629",
                                        "profile": "http://iiif.io/api/image/2/level2.json",
                                        "type": "ImageService2"
                                    }
                                ]
                            }
                        }
                    ]
                }
            ]
        },
        {
            "id": "https://www.memoriademadrid.es/iiif/575175/canvas/p2",
            "type": "Canvas",
            "label": {
                "es": [
                    2
                ]
            },
            "width": 512,
            "height": 768,
            "thumbnail": [
                {
                    "id": "https://www.memoriademadrid.es/iiif/3/1307635/full/^500,/0/default.jpg",
                    "type": "Image",
                    "format": "image/jpeg",
                    "width": 500,
                    "height": 750,
                    "services": [
                        {
                            "id": "https://www.memoriademadrid.es/iiif/3/1307635",
                            "profile": "http://iiif.io/api/image/3/level1.json",
                            "@type": "http://iiif.io/api/image/3/context.json"
                        }
                    ]
                }
            ],
            "items": [
                {
                    "id": "https://www.memoriademadrid.es/iiif/3/1307635",
                    "type": "AnnotationPage",
                    "items": [
                        {
                            "id": "https://www.memoriademadrid.es/iiif/3/1307635",
                            "type": "Annotation",
                            "motivation": "painting",
                            "target": "https://www.memoriademadrid.es/iiif/3/1307635",
                            "body": {
                                "id": "https://www.memoriademadrid.es/iiif/3/1307635/full/^512,/0/default.jpg",
                                "type": "Image",
                                "format": "image/jpeg",
                                "width": 512,
                                "height": 768,
                                "service": [
                                    {
                                        "id": "https://www.memoriademadrid.es/iiif/2/1307635",
                                        "profile": "http://iiif.io/api/image/2/level2.json",
                                        "type": "ImageService2"
                                    }
                                ]
                            }
                        }
                    ]
                }
            ]
        }
    ],
    "structures": []
}