{
    "id": "https://www.memoriademadrid.es/iiif/manifest/575409",
    "@context": "http://iiif.io/api/presentation/3/context.json",
    "type": "Manifest",
    "label": {
        "es": [
            "Jarro"
        ]
    },
    "summary": {
        "es": [
            "Azul esmalte\r\nVidr\u00edo estann\u00edfero [Color blanco marfil. Aplicada en exterior e interior, excepto en el fondo.]\r\nArcilla torneada\r\nMulticocci\u00f3n\r\nPintura a mano alzada.\r\n\r\nAltura = 11,90 cm; Di\u00e1metro = 12,20 cm\r\n\r\nFragmento de cuerpo y base de un jarro. Cuerpo de secci\u00f3n acampanada que se une a la base mediante una gruesa moldura horizontal de secci\u00f3n rectangular. Fondo plano. Pasta de color rosado claro, poco decantada.\r\n\r\nDecoraci\u00f3n: esmaltado blanco de color lechoso interior y exterior. Solero sin esmaltar. Pintura azul cobalto claro. Presenta algunas imperfecciones en la superficie: moteado y burbujas. La decoraci\u00f3n conservada consiste en un friso limitado por dos gruesas l\u00edneas horizontales, de la que s\u00f3lo se conserva la inferior, con tres metopas separadas por tres l\u00edneas verticales m\u00e1s finas. En cada metopa un tallo vertical de hojas carnosas y filamentos; relleno de puntos y grupos de segmentos de l\u00ednea curvos de longitud decreciente. Bajo el friso dos gruesas l\u00edneas horizontales y paralelas.\r\n\r\nFotograf\u00eda de Miguel \u00c1ngel Otero Ib\u00e1\u00f1ez"
        ]
    },
    "homepage": [
        {
            "id": "https://www.memoriademadrid.es/view/575409",
            "type": "Text",
            "label": {
                "es": [
                    "Home Page"
                ]
            },
            "format": "text/html"
        }
    ],
    "behavior": [
        "continuous"
    ],
    "thumbnail": [
        {
            "id": "https://www.memoriademadrid.es/thumbnail/575409",
            "type": "Image",
            "format": "image/jpeg",
            "width": 683,
            "height": 1024
        }
    ],
    "metadata": [
        {
            "label": {
                "es": [
                    "Clase de Patrimonio"
                ]
            },
            "value": {
                "es": [
                    "Patrimonio art\u00edstico"
                ]
            }
        },
        {
            "label": {
                "es": [
                    "OpenAccess Colecci\u00f3n"
                ]
            },
            "value": {
                "es": [
                    "260321"
                ]
            }
        },
        {
            "label": {
                "es": [
                    "OpenAccess ID Esquema de Metadatos"
                ]
            },
            "value": {
                "es": [
                    "4"
                ]
            }
        },
        {
            "label": {
                "es": [
                    "OpenAccess Nombre"
                ]
            },
            "value": {
                "es": [
                    "Jarro"
                ]
            }
        },
        {
            "label": {
                "es": [
                    "ImportadoDesde"
                ]
            },
            "value": {
                "es": [
                    "Vargas"
                ]
            }
        },
        {
            "label": {
                "es": [
                    "A\u00f1o Publicaci\u00f3n"
                ]
            },
            "value": {
                "es": [
                    "1551"
                ]
            }
        },
        {
            "label": {
                "es": [
                    "ID Vargas"
                ]
            },
            "value": {
                "es": [
                    "410989"
                ]
            }
        },
        {
            "label": {
                "es": [
                    "Notas (privadas)"
                ]
            },
            "value": {
                "es": [
                    "Precisiones y bibliograf\u00eda en ficha catalogr\u00e1fica de Alfonso Mart\u00edn Flores, Museo de San Isidro. Los Or\u00edgenes de Madrid.\r\nVe\u00e1se Red Digital de Colecciones de Museos de Espa\u00f1a, CERES"
                ]
            }
        },
        {
            "label": {
                "es": [
                    "OpenAccess Perfil"
                ]
            },
            "value": {
                "es": [
                    "Imagen"
                ]
            }
        },
        {
            "label": {
                "es": [
                    "Formato"
                ]
            },
            "value": {
                "es": [
                    "image/jpeg"
                ]
            }
        },
        {
            "label": {
                "es": [
                    "Tipo de recurso"
                ]
            },
            "value": {
                "es": [
                    "IMAGE"
                ]
            }
        },
        {
            "label": {
                "es": [
                    "Editor"
                ]
            },
            "value": {
                "es": [
                    "Ayuntamiento de Madrid"
                ]
            }
        },
        {
            "label": {
                "es": [
                    "URL Derechos"
                ]
            },
            "value": {
                "es": [
                    "<a href=http://creativecommons.org/licenses/by-nc/4.0/ >Creative Commons BY-NC 4.0</a>"
                ]
            }
        },
        {
            "label": {
                "es": [
                    "Fecha de creaci\u00f3n final"
                ]
            },
            "value": {
                "es": [
                    "1650-06-01"
                ]
            }
        },
        {
            "label": {
                "es": [
                    "OpenAccess Estado"
                ]
            },
            "value": {
                "es": [
                    "PUBLISH"
                ]
            }
        },
        {
            "label": {
                "es": [
                    "OpenAccess Enlace"
                ]
            },
            "value": {
                "es": [
                    "https://www.memoriademadrid.es/view/575409"
                ]
            }
        },
        {
            "label": {
                "es": [
                    "edm:isShownBy"
                ]
            },
            "value": {
                "es": [
                    "https://www.memoriademadrid.es/viewer/575409"
                ]
            }
        },
        {
            "label": {
                "es": [
                    "Idioma"
                ]
            },
            "value": {
                "es": [
                    "spa"
                ]
            }
        },
        {
            "label": {
                "es": [
                    "edm:object"
                ]
            },
            "value": {
                "es": [
                    "https://www.memoriademadrid.es/thumbnail/575409"
                ]
            }
        },
        {
            "label": {
                "es": [
                    "Instituci\u00f3n"
                ]
            },
            "value": {
                "es": [
                    "Museo de San Isidro"
                ]
            }
        },
        {
            "label": {
                "es": [
                    "edm:provider"
                ]
            },
            "value": {
                "es": [
                    "Hispana"
                ]
            }
        },
        {
            "label": {
                "es": [
                    "T\u00edtulo"
                ]
            },
            "value": {
                "es": [
                    "Jarro"
                ]
            }
        },
        {
            "label": {
                "es": [
                    "Fecha del registro"
                ]
            },
            "value": {
                "es": [
                    "2022-02-08"
                ]
            }
        },
        {
            "label": {
                "es": [
                    "Fecha de creaci\u00f3n Matiz"
                ]
            },
            "value": {
                "es": [
                    "Entre 1550 y 1650"
                ]
            }
        },
        {
            "label": {
                "es": [
                    "Fecha de creaci\u00f3n inicial"
                ]
            },
            "value": {
                "es": [
                    "1551-06-01"
                ]
            }
        },
        {
            "label": {
                "es": [
                    "Lugar"
                ]
            },
            "value": {
                "es": [
                    "Madrid"
                ]
            }
        },
        {
            "label": {
                "es": [
                    "Descripci\u00f3n"
                ]
            },
            "value": {
                "es": [
                    "Azul esmalte\r\nVidr\u00edo estann\u00edfero [Color blanco marfil. Aplicada en exterior e interior, excepto en el fondo.]\r\nArcilla torneada\r\nMulticocci\u00f3n\r\nPintura a mano alzada.\r\n\r\nAltura = 11,90 cm; Di\u00e1metro = 12,20 cm\r\n\r\nFragmento de cuerpo y base de un jarro. Cuerpo de secci\u00f3n acampanada que se une a la base mediante una gruesa moldura horizontal de secci\u00f3n rectangular. Fondo plano. Pasta de color rosado claro, poco decantada.\r\n\r\nDecoraci\u00f3n: esmaltado blanco de color lechoso interior y exterior. Solero sin esmaltar. Pintura azul cobalto claro. Presenta algunas imperfecciones en la superficie: moteado y burbujas. La decoraci\u00f3n conservada consiste en un friso limitado por dos gruesas l\u00edneas horizontales, de la que s\u00f3lo se conserva la inferior, con tres metopas separadas por tres l\u00edneas verticales m\u00e1s finas. En cada metopa un tallo vertical de hojas carnosas y filamentos; relleno de puntos y grupos de segmentos de l\u00ednea curvos de longitud decreciente. Bajo el friso dos gruesas l\u00edneas horizontales y paralelas.\r\n\r\nFotograf\u00eda de Miguel \u00c1ngel Otero Ib\u00e1\u00f1ez"
                ]
            }
        },
        {
            "label": {
                "es": [
                    "Tipo de documento"
                ]
            },
            "value": {
                "es": [
                    "Arqueolog\u00eda"
                ]
            }
        },
        {
            "label": {
                "es": [
                    "Signatura"
                ]
            },
            "value": {
                "es": [
                    "Inv. CE1986/1/104"
                ]
            }
        },
        {
            "label": {
                "es": [
                    "Materia"
                ]
            },
            "value": {
                "es": [
                    "Cuesta de la Vega",
                    "Retratos"
                ]
            }
        },
        {
            "label": {
                "es": [
                    "Comentarios (p\u00fablico)"
                ]
            },
            "value": {
                "es": [
                    "Se trata de un fragmento de la parte inferior de un jarro vinatero o de agua de la serie \"jarros de Santiago\". Esta serie, antes atribuida a Talavera/Puente, es hoy aceptada como de producci\u00f3n toledana, ciudad en la que han aparecido numerosos fragmentos y ejemplares incompletos en excavaciones arqueol\u00f3gicas efectuadas antes del a\u00f1o 2000.\r\n\r\nLa presente jarra lleva una decoraci\u00f3n vegetal, protagonizada por un tallo de hojas carnosas, dispuesto de perfil, de dibujo y caracter\u00edsticas similares a los plasmados en otros recipientes de la serie antedicha, sin embargo el que vemos aqu\u00ed  muestra tres metopas que encierran cada una un tallo, en vez de las m\u00e1s habituales en banda corrida a lo largo del cuerpo.\r\n\r\nEn Madrid ha aparecido alg\u00fan otro ejemplar de este tipo de jarro en intervenciones arqueol\u00f3gicas, como las realizadas en Arganzuela, con motivo de la remodelaci\u00f3n de la M-30.\r\n\r\nComentario extra\u00eddo del Cat\u00e1logo en l\u00ednea del Museo de San Isidro. Los Or\u00edgenes de Madrid."
                ]
            }
        },
        {
            "label": {
                "es": [
                    "URL Cat\u00e1logo"
                ]
            },
            "value": {
                "es": [
                    "http://ceres.mcu.es/pages/Main?idt=129930&inventary=CE1986/1/104&table=FMUS&museum=MOM"
                ]
            }
        },
        {
            "label": {
                "es": [
                    "Derechos"
                ]
            },
            "value": {
                "es": [
                    "http://creativecommons.org/licenses/by-nc/4.0/"
                ]
            }
        },
        {
            "label": {
                "es": [
                    "Enlace Externo"
                ]
            },
            "value": {
                "es": [
                    "<a href=\"http://ceres.mcu.es/pages/Main?idt=129930&inventary=CE1986/1/104&table=FMUS&museum=MOM\">Ver en el cat\u00e1logo</a>"
                ]
            }
        }
    ],
    "items": [
        {
            "id": "https://www.memoriademadrid.es/iiif/575409/canvas/p1",
            "type": "Canvas",
            "label": {
                "es": [
                    1
                ]
            },
            "width": 512,
            "height": 768,
            "thumbnail": [
                {
                    "id": "https://www.memoriademadrid.es/iiif/3/1308322/full/^500,/0/default.jpg",
                    "type": "Image",
                    "format": "image/jpeg",
                    "width": 500,
                    "height": 750,
                    "services": [
                        {
                            "id": "https://www.memoriademadrid.es/iiif/3/1308322",
                            "profile": "http://iiif.io/api/image/3/level1.json",
                            "@type": "http://iiif.io/api/image/3/context.json"
                        }
                    ]
                }
            ],
            "items": [
                {
                    "id": "https://www.memoriademadrid.es/iiif/3/1308322",
                    "type": "AnnotationPage",
                    "items": [
                        {
                            "id": "https://www.memoriademadrid.es/iiif/3/1308322",
                            "type": "Annotation",
                            "motivation": "painting",
                            "target": "https://www.memoriademadrid.es/iiif/3/1308322",
                            "body": {
                                "id": "https://www.memoriademadrid.es/iiif/3/1308322/full/^512,/0/default.jpg",
                                "type": "Image",
                                "format": "image/jpeg",
                                "width": 512,
                                "height": 768,
                                "service": [
                                    {
                                        "id": "https://www.memoriademadrid.es/iiif/2/1308322",
                                        "profile": "http://iiif.io/api/image/2/level2.json",
                                        "type": "ImageService2"
                                    }
                                ]
                            }
                        }
                    ]
                }
            ]
        },
        {
            "id": "https://www.memoriademadrid.es/iiif/575409/canvas/p2",
            "type": "Canvas",
            "label": {
                "es": [
                    2
                ]
            },
            "width": 512,
            "height": 768,
            "thumbnail": [
                {
                    "id": "https://www.memoriademadrid.es/iiif/3/1308323/full/^500,/0/default.jpg",
                    "type": "Image",
                    "format": "image/jpeg",
                    "width": 0,
                    "height": 0,
                    "services": [
                        {
                            "id": "https://www.memoriademadrid.es/iiif/3/1308323",
                            "profile": "http://iiif.io/api/image/3/level1.json",
                            "@type": "http://iiif.io/api/image/3/context.json"
                        }
                    ]
                }
            ],
            "items": [
                {
                    "id": "https://www.memoriademadrid.es/iiif/3/1308323",
                    "type": "AnnotationPage",
                    "items": [
                        {
                            "id": "https://www.memoriademadrid.es/iiif/3/1308323",
                            "type": "Annotation",
                            "motivation": "painting",
                            "target": "https://www.memoriademadrid.es/iiif/3/1308323",
                            "body": {
                                "id": "https://www.memoriademadrid.es/iiif/3/1308323/full/^512,/0/default.jpg",
                                "type": "Image",
                                "format": "image/jpeg",
                                "width": 512,
                                "height": 768,
                                "service": [
                                    {
                                        "id": "https://www.memoriademadrid.es/iiif/2/1308323",
                                        "profile": "http://iiif.io/api/image/2/level2.json",
                                        "type": "ImageService2"
                                    }
                                ]
                            }
                        }
                    ]
                }
            ]
        }
    ],
    "structures": []
}