{
    "id": "https://www.memoriademadrid.es/iiif/manifest/575469",
    "@context": "http://iiif.io/api/presentation/3/context.json",
    "type": "Manifest",
    "label": {
        "es": [
            "Escudo her\u00e1ldico del Monasterio de los Jer\u00f3nimos"
        ]
    },
    "summary": {
        "es": [
            "Yeso [Piedra de yeso con cemento carbonatado].\r\nCincelado.\r\nAltura = 34 cm; Anchura = 38 cm; Espesor = 22 cm.\r\n\r\nEscudo real eculpido en altorrelieve sobre piedra de yeso. Blas\u00f3n de tipo espa\u00f1ol coronado, con las armas de Castilla y Le\u00f3n (castillos y leones rampantes distribuidos dos a dos en cuatro cuarteles), corona real y ramas de granado.\r\n\r\nFoto: Instituto del Patrimonio Cultural de Espa\u00f1a"
        ]
    },
    "homepage": [
        {
            "id": "https://www.memoriademadrid.es/view/575469",
            "type": "Text",
            "label": {
                "es": [
                    "Home Page"
                ]
            },
            "format": "text/html"
        }
    ],
    "behavior": [
        "continuous"
    ],
    "thumbnail": [
        {
            "id": "https://www.memoriademadrid.es/thumbnail/575469",
            "type": "Image",
            "format": "image/jpeg",
            "width": 1024,
            "height": 981
        }
    ],
    "metadata": [
        {
            "label": {
                "es": [
                    "A\u00f1o Publicaci\u00f3n"
                ]
            },
            "value": {
                "es": [
                    "1462"
                ]
            }
        },
        {
            "label": {
                "es": [
                    "edm:provider"
                ]
            },
            "value": {
                "es": [
                    "Hispana"
                ]
            }
        },
        {
            "label": {
                "es": [
                    "edm:object"
                ]
            },
            "value": {
                "es": [
                    "https://www.memoriademadrid.es/thumbnail/575469"
                ]
            }
        },
        {
            "label": {
                "es": [
                    "edm:isShownBy"
                ]
            },
            "value": {
                "es": [
                    "https://www.memoriademadrid.es/viewer/575469"
                ]
            }
        },
        {
            "label": {
                "es": [
                    "OpenAccess Enlace"
                ]
            },
            "value": {
                "es": [
                    "https://www.memoriademadrid.es/view/575469"
                ]
            }
        },
        {
            "label": {
                "es": [
                    "OpenAccess Estado"
                ]
            },
            "value": {
                "es": [
                    "PUBLISH"
                ]
            }
        },
        {
            "label": {
                "es": [
                    "URL Derechos"
                ]
            },
            "value": {
                "es": [
                    "<a href=http://creativecommons.org/licenses/by-nc/4.0/ >Creative Commons BY-NC 4.0</a>"
                ]
            }
        },
        {
            "label": {
                "es": [
                    "Clase de Patrimonio"
                ]
            },
            "value": {
                "es": [
                    "Patrimonio art\u00edstico"
                ]
            }
        },
        {
            "label": {
                "es": [
                    "OpenAccess Log"
                ]
            },
            "value": {
                "es": [
                    "Uploaded in OpenAccess at 2025.02.18 07:14:30."
                ]
            }
        },
        {
            "label": {
                "es": [
                    "OpenAccess Perfil"
                ]
            },
            "value": {
                "es": [
                    "Imagen"
                ]
            }
        },
        {
            "label": {
                "es": [
                    "OpenAccess Colecci\u00f3n"
                ]
            },
            "value": {
                "es": [
                    "260321"
                ]
            }
        },
        {
            "label": {
                "es": [
                    "OpenAccess ID Esquema de Metadatos"
                ]
            },
            "value": {
                "es": [
                    "4"
                ]
            }
        },
        {
            "label": {
                "es": [
                    "OpenAccess Nombre"
                ]
            },
            "value": {
                "es": [
                    "Escudo her\u00e1ldico del Monasterio de los Jer\u00f3nimos"
                ]
            }
        },
        {
            "label": {
                "es": [
                    "ImportadoDesde"
                ]
            },
            "value": {
                "es": [
                    "Vargas"
                ]
            }
        },
        {
            "label": {
                "es": [
                    "ID Vargas"
                ]
            },
            "value": {
                "es": [
                    "411222"
                ]
            }
        },
        {
            "label": {
                "es": [
                    "Formato"
                ]
            },
            "value": {
                "es": [
                    "image/jpeg"
                ]
            }
        },
        {
            "label": {
                "es": [
                    "Tipo de recurso"
                ]
            },
            "value": {
                "es": [
                    "IMAGE"
                ]
            }
        },
        {
            "label": {
                "es": [
                    "Editor"
                ]
            },
            "value": {
                "es": [
                    "Ayuntamiento de Madrid"
                ]
            }
        },
        {
            "label": {
                "es": [
                    "Fecha de creaci\u00f3n final"
                ]
            },
            "value": {
                "es": [
                    "1505-12-12"
                ]
            }
        },
        {
            "label": {
                "es": [
                    "Instituci\u00f3n"
                ]
            },
            "value": {
                "es": [
                    "Museo de San Isidro"
                ]
            }
        },
        {
            "label": {
                "es": [
                    "Idioma"
                ]
            },
            "value": {
                "es": [
                    "spa"
                ]
            }
        },
        {
            "label": {
                "es": [
                    "T\u00edtulo"
                ]
            },
            "value": {
                "es": [
                    "Escudo her\u00e1ldico del Monasterio de los Jer\u00f3nimos"
                ]
            }
        },
        {
            "label": {
                "es": [
                    "Fecha del registro"
                ]
            },
            "value": {
                "es": [
                    "2022-02-11"
                ]
            }
        },
        {
            "label": {
                "es": [
                    "Fecha de creaci\u00f3n Matiz"
                ]
            },
            "value": {
                "es": [
                    "Entre 1462 y 1505"
                ]
            }
        },
        {
            "label": {
                "es": [
                    "Fecha de creaci\u00f3n inicial"
                ]
            },
            "value": {
                "es": [
                    "1462-01-01"
                ]
            }
        },
        {
            "label": {
                "es": [
                    "Lugar"
                ]
            },
            "value": {
                "es": [
                    "Madrid"
                ]
            }
        },
        {
            "label": {
                "es": [
                    "Descripci\u00f3n"
                ]
            },
            "value": {
                "es": [
                    "Yeso [Piedra de yeso con cemento carbonatado].\r\nCincelado.\r\nAltura = 34 cm; Anchura = 38 cm; Espesor = 22 cm.\r\n\r\nEscudo real eculpido en altorrelieve sobre piedra de yeso. Blas\u00f3n de tipo espa\u00f1ol coronado, con las armas de Castilla y Le\u00f3n (castillos y leones rampantes distribuidos dos a dos en cuatro cuarteles), corona real y ramas de granado.\r\n\r\nFoto: Instituto del Patrimonio Cultural de Espa\u00f1a"
                ]
            }
        },
        {
            "label": {
                "es": [
                    "Tipo de documento"
                ]
            },
            "value": {
                "es": [
                    "Arqueolog\u00eda"
                ]
            }
        },
        {
            "label": {
                "es": [
                    "Signatura"
                ]
            },
            "value": {
                "es": [
                    "Inv. DE2016/1/01"
                ]
            }
        },
        {
            "label": {
                "es": [
                    "Materia"
                ]
            },
            "value": {
                "es": [
                    "Madrid - Descripci\u00f3n",
                    "Arqueolog\u00eda",
                    "Yacimientos arqueol\u00f3gicos"
                ]
            }
        },
        {
            "label": {
                "es": [
                    "Comentarios (p\u00fablico)"
                ]
            },
            "value": {
                "es": [
                    "El escudo est\u00e1 esculpido en altorelieve sobre un sillar en forma de paralep\u00edpedo, lo que hace pensar que estar\u00eda embutido en las paredes del claustro del Monasterio de los Jer\u00f3nimos, probablemente en la enjuta entre dos de los arcos del piso inferior. Aunque casi irreconocible debido a la erosi\u00f3n, la presencia de sendos ramos de granado flanqueando las armas de Castilla, permite atribuirlo a Enrique IV, que eligi\u00f3 este s\u00edmbolo como divisa personal, a veces acompa\u00f1ada del lema \"agro dulce\", como expresi\u00f3n del necesario equilibrio entre la justicia y la clemencia en la gobernaci\u00f3n de sus reinos. Esta atribuci\u00f3n resulta coherente con la decisiva intervenci\u00f3n del monarca en la fundaci\u00f3n del monasterio de Santa Mar\u00eda del Paso, antes de que fuera trasladado piedra a piedra desde su primitivo enclave junto al Manzanares hasta su definitivo emplazamiento en el Prado de los Jer\u00f3nimos, al este de Madrid.\r\n\r\nComentario extra\u00eddo del Cat\u00e1logo en l\u00ednea del Museo de San Isidro. Los Or\u00edgenes de Madrid"
                ]
            }
        },
        {
            "label": {
                "es": [
                    "URL Cat\u00e1logo"
                ]
            },
            "value": {
                "es": [
                    "http://ceres.mcu.es/pages/Main?idt=134220&inventary=DE2016/1/01&table=FMUS&museum=MOM"
                ]
            }
        },
        {
            "label": {
                "es": [
                    "Derechos"
                ]
            },
            "value": {
                "es": [
                    "http://creativecommons.org/licenses/by-nc/4.0/"
                ]
            }
        },
        {
            "label": {
                "es": [
                    "Enlace Externo"
                ]
            },
            "value": {
                "es": [
                    "<a href=\"http://ceres.mcu.es/pages/Main?idt=134220&inventary=DE2016/1/01&table=FMUS&museum=MOM\">Ver en el cat\u00e1logo</a>"
                ]
            }
        }
    ],
    "items": [
        {
            "id": "https://www.memoriademadrid.es/iiif/575469/canvas/p1",
            "type": "Canvas",
            "label": {
                "es": [
                    1
                ]
            },
            "width": 1000,
            "height": 958,
            "thumbnail": [
                {
                    "id": "https://www.memoriademadrid.es/iiif/3/1308915/full/^500,/0/default.jpg",
                    "type": "Image",
                    "format": "image/jpeg",
                    "width": 0,
                    "height": 0,
                    "services": [
                        {
                            "id": "https://www.memoriademadrid.es/iiif/3/1308915",
                            "profile": "http://iiif.io/api/image/3/level1.json",
                            "@type": "http://iiif.io/api/image/3/context.json"
                        }
                    ]
                }
            ],
            "items": [
                {
                    "id": "https://www.memoriademadrid.es/iiif/3/1308915",
                    "type": "AnnotationPage",
                    "items": [
                        {
                            "id": "https://www.memoriademadrid.es/iiif/3/1308915",
                            "type": "Annotation",
                            "motivation": "painting",
                            "target": "https://www.memoriademadrid.es/iiif/3/1308915",
                            "body": {
                                "id": "https://www.memoriademadrid.es/iiif/3/1308915/full/^1000,/0/default.jpg",
                                "type": "Image",
                                "format": "image/jpeg",
                                "width": 1000,
                                "height": 958,
                                "service": [
                                    {
                                        "id": "https://www.memoriademadrid.es/iiif/2/1308915",
                                        "profile": "http://iiif.io/api/image/2/level2.json",
                                        "type": "ImageService2"
                                    }
                                ]
                            }
                        }
                    ]
                }
            ]
        },
        {
            "id": "https://www.memoriademadrid.es/iiif/575469/canvas/p2",
            "type": "Canvas",
            "label": {
                "es": [
                    2
                ]
            },
            "width": 1000,
            "height": 958,
            "thumbnail": [
                {
                    "id": "https://www.memoriademadrid.es/iiif/3/1308931/full/^500,/0/default.jpg",
                    "type": "Image",
                    "format": "image/jpeg",
                    "width": 500,
                    "height": 479,
                    "services": [
                        {
                            "id": "https://www.memoriademadrid.es/iiif/3/1308931",
                            "profile": "http://iiif.io/api/image/3/level1.json",
                            "@type": "http://iiif.io/api/image/3/context.json"
                        }
                    ]
                }
            ],
            "items": [
                {
                    "id": "https://www.memoriademadrid.es/iiif/3/1308931",
                    "type": "AnnotationPage",
                    "items": [
                        {
                            "id": "https://www.memoriademadrid.es/iiif/3/1308931",
                            "type": "Annotation",
                            "motivation": "painting",
                            "target": "https://www.memoriademadrid.es/iiif/3/1308931",
                            "body": {
                                "id": "https://www.memoriademadrid.es/iiif/3/1308931/full/^1000,/0/default.jpg",
                                "type": "Image",
                                "format": "image/jpeg",
                                "width": 1000,
                                "height": 958,
                                "service": [
                                    {
                                        "id": "https://www.memoriademadrid.es/iiif/2/1308931",
                                        "profile": "http://iiif.io/api/image/2/level2.json",
                                        "type": "ImageService2"
                                    }
                                ]
                            }
                        }
                    ]
                }
            ]
        }
    ],
    "structures": []
}