{
    "id": "https://www.memoriademadrid.es/iiif/manifest/575473",
    "@context": "http://iiif.io/api/presentation/3/context.json",
    "type": "Manifest",
    "label": {
        "es": [
            "Bac\u00edn"
        ]
    },
    "summary": {
        "es": [
            "Arcilla ocre\r\nT\u00e9cnica: Vidriado\r\nTorneado\r\nAltura = 14 cm; Di\u00e1metro base = 16 cm; Di\u00e1metro boca = 22,50 cm; Anchura m\u00e1xima = 23,30 cm\r\n\r\nRecipiente liso decorado por dos l\u00edneas paralelas acanaladas a la altura del arranque superior del asa, de cuerpo cilindrico, engobe beige en el exterior, con base plana, dos asas de cinta y borde de labio exvasado y moldurado. Cocci\u00f3n oxidante con vidriado negro en su interior y labio, as\u00ed como peque\u00f1as manchas en asa y cuerpo.\r\n\r\nFoto: Rodrigo Canet Criado"
        ]
    },
    "homepage": [
        {
            "id": "https://www.memoriademadrid.es/view/575473",
            "type": "Text",
            "label": {
                "es": [
                    "Home Page"
                ]
            },
            "format": "text/html"
        }
    ],
    "behavior": [
        "continuous"
    ],
    "thumbnail": [
        {
            "id": "https://www.memoriademadrid.es/thumbnail/575473",
            "type": "Image",
            "format": "image/jpeg",
            "width": 1024,
            "height": 635
        }
    ],
    "metadata": [
        {
            "label": {
                "es": [
                    "Clase de Patrimonio"
                ]
            },
            "value": {
                "es": [
                    "Patrimonio art\u00edstico"
                ]
            }
        },
        {
            "label": {
                "es": [
                    "OpenAccess Colecci\u00f3n"
                ]
            },
            "value": {
                "es": [
                    "260321"
                ]
            }
        },
        {
            "label": {
                "es": [
                    "OpenAccess ID Esquema de Metadatos"
                ]
            },
            "value": {
                "es": [
                    "4"
                ]
            }
        },
        {
            "label": {
                "es": [
                    "OpenAccess Nombre"
                ]
            },
            "value": {
                "es": [
                    "Bac\u00edn"
                ]
            }
        },
        {
            "label": {
                "es": [
                    "ImportadoDesde"
                ]
            },
            "value": {
                "es": [
                    "Vargas"
                ]
            }
        },
        {
            "label": {
                "es": [
                    "A\u00f1o Publicaci\u00f3n"
                ]
            },
            "value": {
                "es": [
                    "1601"
                ]
            }
        },
        {
            "label": {
                "es": [
                    "ID Vargas"
                ]
            },
            "value": {
                "es": [
                    "411236"
                ]
            }
        },
        {
            "label": {
                "es": [
                    "Notas (privadas)"
                ]
            },
            "value": {
                "es": [
                    "Precisiones y bibliograf\u00eda en ficha catalogr\u00e1fica de Amalia P\u00e9rez Navarro, Museo de San Isidro. Los Or\u00edgenes de Madrid.\r\nVe\u00e1se Red Digital de Colecciones de Museos de Espa\u00f1a. CERES"
                ]
            }
        },
        {
            "label": {
                "es": [
                    "OpenAccess Perfil"
                ]
            },
            "value": {
                "es": [
                    "Imagen"
                ]
            }
        },
        {
            "label": {
                "es": [
                    "Formato"
                ]
            },
            "value": {
                "es": [
                    "image/jpeg"
                ]
            }
        },
        {
            "label": {
                "es": [
                    "Tipo de recurso"
                ]
            },
            "value": {
                "es": [
                    "IMAGE"
                ]
            }
        },
        {
            "label": {
                "es": [
                    "Editor"
                ]
            },
            "value": {
                "es": [
                    "Ayuntamiento de Madrid"
                ]
            }
        },
        {
            "label": {
                "es": [
                    "URL Derechos"
                ]
            },
            "value": {
                "es": [
                    "<a href=http://creativecommons.org/licenses/by-nc/4.0/ >Creative Commons BY-NC 4.0</a>"
                ]
            }
        },
        {
            "label": {
                "es": [
                    "Fecha de creaci\u00f3n final"
                ]
            },
            "value": {
                "es": [
                    "1725-01-01"
                ]
            }
        },
        {
            "label": {
                "es": [
                    "OpenAccess Estado"
                ]
            },
            "value": {
                "es": [
                    "PUBLISH"
                ]
            }
        },
        {
            "label": {
                "es": [
                    "OpenAccess Enlace"
                ]
            },
            "value": {
                "es": [
                    "https://www.memoriademadrid.es/view/575473"
                ]
            }
        },
        {
            "label": {
                "es": [
                    "edm:isShownBy"
                ]
            },
            "value": {
                "es": [
                    "https://www.memoriademadrid.es/viewer/575473"
                ]
            }
        },
        {
            "label": {
                "es": [
                    "Idioma"
                ]
            },
            "value": {
                "es": [
                    "spa"
                ]
            }
        },
        {
            "label": {
                "es": [
                    "edm:object"
                ]
            },
            "value": {
                "es": [
                    "https://www.memoriademadrid.es/thumbnail/575473"
                ]
            }
        },
        {
            "label": {
                "es": [
                    "Instituci\u00f3n"
                ]
            },
            "value": {
                "es": [
                    "Museo de San Isidro"
                ]
            }
        },
        {
            "label": {
                "es": [
                    "edm:provider"
                ]
            },
            "value": {
                "es": [
                    "Hispana"
                ]
            }
        },
        {
            "label": {
                "es": [
                    "T\u00edtulo"
                ]
            },
            "value": {
                "es": [
                    "Bac\u00edn"
                ]
            }
        },
        {
            "label": {
                "es": [
                    "Fecha del registro"
                ]
            },
            "value": {
                "es": [
                    "2022-02-11"
                ]
            }
        },
        {
            "label": {
                "es": [
                    "Fecha de creaci\u00f3n Matiz"
                ]
            },
            "value": {
                "es": [
                    "Entre 1601 y 1725"
                ]
            }
        },
        {
            "label": {
                "es": [
                    "Fecha de creaci\u00f3n inicial"
                ]
            },
            "value": {
                "es": [
                    "1601-01-01"
                ]
            }
        },
        {
            "label": {
                "es": [
                    "Lugar"
                ]
            },
            "value": {
                "es": [
                    "Madrid"
                ]
            }
        },
        {
            "label": {
                "es": [
                    "Descripci\u00f3n"
                ]
            },
            "value": {
                "es": [
                    "Arcilla ocre\r\nT\u00e9cnica: Vidriado\r\nTorneado\r\nAltura = 14 cm; Di\u00e1metro base = 16 cm; Di\u00e1metro boca = 22,50 cm; Anchura m\u00e1xima = 23,30 cm\r\n\r\nRecipiente liso decorado por dos l\u00edneas paralelas acanaladas a la altura del arranque superior del asa, de cuerpo cilindrico, engobe beige en el exterior, con base plana, dos asas de cinta y borde de labio exvasado y moldurado. Cocci\u00f3n oxidante con vidriado negro en su interior y labio, as\u00ed como peque\u00f1as manchas en asa y cuerpo.\r\n\r\nFoto: Rodrigo Canet Criado"
                ]
            }
        },
        {
            "label": {
                "es": [
                    "Tipo de documento"
                ]
            },
            "value": {
                "es": [
                    "Arqueolog\u00eda"
                ]
            }
        },
        {
            "label": {
                "es": [
                    "Signatura"
                ]
            },
            "value": {
                "es": [
                    "Inv. CE1983/9/220793"
                ]
            }
        },
        {
            "label": {
                "es": [
                    "Materia"
                ]
            },
            "value": {
                "es": [
                    "Plaza de los Carros",
                    "Cer\u00e1mica",
                    "Arqueolog\u00eda",
                    "Saneamiento e higiene"
                ]
            }
        },
        {
            "label": {
                "es": [
                    "Comentarios (p\u00fablico)"
                ]
            },
            "value": {
                "es": [
                    "Bac\u00edn encontrado el las excavaciones de la madrile\u00f1a Plaza de los Carros.\r\n\r\nAunque parece remontarse a un origen milenario, el orinal, el bac\u00edn, recibe diferentes denominaciones hist\u00f3ricas seg\u00fan los diversos pueblos que hacen uso de \u00e9l y seg\u00fan su estatus social. Amigo fue la palabra utilizada por los griegos, matula o metella fue la de los romanos....Con forma vertical semejante a una botella es la galanga y se denomina dompedro cuando se guarda en el interior de un mueble realizado en madera noble.\r\n\r\nComentario extra\u00eddo del Cat\u00e1logo en l\u00ednea del Museo de San Isidro. Los Or\u00edgenes de Madrid"
                ]
            }
        },
        {
            "label": {
                "es": [
                    "URL Cat\u00e1logo"
                ]
            },
            "value": {
                "es": [
                    "http://ceres.mcu.es/pages/Main?idt=129745&inventary=CE1983/9/220793&table=FMUS&museum=MOM"
                ]
            }
        },
        {
            "label": {
                "es": [
                    "Derechos"
                ]
            },
            "value": {
                "es": [
                    "http://creativecommons.org/licenses/by-nc/4.0/"
                ]
            }
        },
        {
            "label": {
                "es": [
                    "Enlace Externo"
                ]
            },
            "value": {
                "es": [
                    "<a href=\"http://ceres.mcu.es/pages/Main?idt=129745&inventary=CE1983/9/220793&table=FMUS&museum=MOM\">Ver en el cat\u00e1logo</a>"
                ]
            }
        }
    ],
    "items": [
        {
            "id": "https://www.memoriademadrid.es/iiif/575473/canvas/p1",
            "type": "Canvas",
            "label": {
                "es": [
                    1
                ]
            },
            "width": 1000,
            "height": 620,
            "thumbnail": [
                {
                    "id": "https://www.memoriademadrid.es/iiif/3/1308950/full/^500,/0/default.jpg",
                    "type": "Image",
                    "format": "image/jpeg",
                    "width": 500,
                    "height": 310,
                    "services": [
                        {
                            "id": "https://www.memoriademadrid.es/iiif/3/1308950",
                            "profile": "http://iiif.io/api/image/3/level1.json",
                            "@type": "http://iiif.io/api/image/3/context.json"
                        }
                    ]
                }
            ],
            "items": [
                {
                    "id": "https://www.memoriademadrid.es/iiif/3/1308950",
                    "type": "AnnotationPage",
                    "items": [
                        {
                            "id": "https://www.memoriademadrid.es/iiif/3/1308950",
                            "type": "Annotation",
                            "motivation": "painting",
                            "target": "https://www.memoriademadrid.es/iiif/3/1308950",
                            "body": {
                                "id": "https://www.memoriademadrid.es/iiif/3/1308950/full/^1000,/0/default.jpg",
                                "type": "Image",
                                "format": "image/jpeg",
                                "width": 1000,
                                "height": 620,
                                "service": [
                                    {
                                        "id": "https://www.memoriademadrid.es/iiif/2/1308950",
                                        "profile": "http://iiif.io/api/image/2/level2.json",
                                        "type": "ImageService2"
                                    }
                                ]
                            }
                        }
                    ]
                }
            ]
        },
        {
            "id": "https://www.memoriademadrid.es/iiif/575473/canvas/p2",
            "type": "Canvas",
            "label": {
                "es": [
                    2
                ]
            },
            "width": 1000,
            "height": 620,
            "thumbnail": [
                {
                    "id": "https://www.memoriademadrid.es/iiif/3/1308963/full/^500,/0/default.jpg",
                    "type": "Image",
                    "format": "image/jpeg",
                    "width": 0,
                    "height": 0,
                    "services": [
                        {
                            "id": "https://www.memoriademadrid.es/iiif/3/1308963",
                            "profile": "http://iiif.io/api/image/3/level1.json",
                            "@type": "http://iiif.io/api/image/3/context.json"
                        }
                    ]
                }
            ],
            "items": [
                {
                    "id": "https://www.memoriademadrid.es/iiif/3/1308963",
                    "type": "AnnotationPage",
                    "items": [
                        {
                            "id": "https://www.memoriademadrid.es/iiif/3/1308963",
                            "type": "Annotation",
                            "motivation": "painting",
                            "target": "https://www.memoriademadrid.es/iiif/3/1308963",
                            "body": {
                                "id": "https://www.memoriademadrid.es/iiif/3/1308963/full/^1000,/0/default.jpg",
                                "type": "Image",
                                "format": "image/jpeg",
                                "width": 1000,
                                "height": 620,
                                "service": [
                                    {
                                        "id": "https://www.memoriademadrid.es/iiif/2/1308963",
                                        "profile": "http://iiif.io/api/image/2/level2.json",
                                        "type": "ImageService2"
                                    }
                                ]
                            }
                        }
                    ]
                }
            ]
        }
    ],
    "structures": []
}