{
    "id": "https://www.memoriademadrid.es/iiif/manifest/682403",
    "@context": "http://iiif.io/api/presentation/3/context.json",
    "type": "Manifest",
    "label": {
        "en": [
            "Plano de la dehesa de Valdelomasa, pasto com\u00fan de Madrid y su tierra, sita del lugar de Fuencarral"
        ],
        "es": [
            "Plano de la dehesa de Valdelomasa, pasto com\u00fan de Madrid y su tierra, sita del lugar de Fuencarral"
        ]
    },
    "homepage": [
        {
            "id": "https://www.memoriademadrid.es/view/682403",
            "type": "Text",
            "label": {
                "es": [
                    "Home Page"
                ]
            },
            "format": "text/html"
        }
    ],
    "behavior": [
        "continuous"
    ],
    "thumbnail": [
        {
            "id": "https://www.memoriademadrid.es/thumbnail/682403",
            "type": "Image",
            "format": "image/jpeg",
            "width": 1024,
            "height": 655
        }
    ],
    "metadata": [
        {
            "label": {
                "es": [
                    "Tipo de recurso"
                ]
            },
            "value": {
                "es": [
                    "IMAGE"
                ]
            }
        },
        {
            "label": {
                "es": [
                    "OpenAccess Colecci\u00f3n"
                ]
            },
            "value": {
                "es": [
                    "260321"
                ]
            }
        },
        {
            "label": {
                "es": [
                    "OpenAccess ID Esquema de Metadatos"
                ]
            },
            "value": {
                "es": [
                    "4"
                ]
            }
        },
        {
            "label": {
                "es": [
                    "OpenAccess Nombre"
                ]
            },
            "value": {
                "es": [
                    "Plano de la dehesa de Valdelomasa, pasto com\u00fan de Madrid y su tierra, sita del lugar de Fuencarral"
                ]
            }
        },
        {
            "label": {
                "es": [
                    "ImportadoDesde"
                ]
            },
            "value": {
                "es": [
                    "Vargas"
                ]
            }
        },
        {
            "label": {
                "es": [
                    "A\u00f1o Publicaci\u00f3n"
                ]
            },
            "value": {
                "es": [
                    "1769"
                ]
            }
        },
        {
            "label": {
                "es": [
                    "OpenAccess Perfil"
                ]
            },
            "value": {
                "es": [
                    "Imagen"
                ]
            }
        },
        {
            "label": {
                "es": [
                    "OpenAccess Enlace"
                ]
            },
            "value": {
                "es": [
                    "https://www.memoriademadrid.es/view/682403"
                ]
            }
        },
        {
            "label": {
                "es": [
                    "Notas (privadas)"
                ]
            },
            "value": {
                "es": [
                    "AVM: publicados en abierto desde consulta-sala"
                ]
            }
        },
        {
            "label": {
                "es": [
                    "Formato"
                ]
            },
            "value": {
                "es": [
                    "application/pdf"
                ]
            }
        },
        {
            "label": {
                "es": [
                    "Editor"
                ]
            },
            "value": {
                "es": [
                    "Ayuntamiento de Madrid"
                ]
            }
        },
        {
            "label": {
                "es": [
                    "OpenAccess Log"
                ]
            },
            "value": {
                "es": [
                    "Updated in OpenAccess at 2025.08.11 08:45:10."
                ]
            }
        },
        {
            "label": {
                "es": [
                    "Clase de Patrimonio"
                ]
            },
            "value": {
                "es": [
                    "Patrimonio documental"
                ]
            }
        },
        {
            "label": {
                "es": [
                    "OpenAccess Estado"
                ]
            },
            "value": {
                "es": [
                    "PUBLISH"
                ]
            }
        },
        {
            "label": {
                "es": [
                    "Idioma"
                ]
            },
            "value": {
                "es": [
                    "spa"
                ]
            }
        },
        {
            "label": {
                "es": [
                    "edm:object"
                ]
            },
            "value": {
                "es": [
                    "https://www.memoriademadrid.es/thumbnail/682403"
                ]
            }
        },
        {
            "label": {
                "es": [
                    "Instituci\u00f3n"
                ]
            },
            "value": {
                "es": [
                    "Archivo de Villa"
                ]
            }
        },
        {
            "label": {
                "es": [
                    "edm:isShownBy"
                ]
            },
            "value": {
                "es": [
                    "https://www.memoriademadrid.es/viewer/682403"
                ]
            }
        },
        {
            "label": {
                "es": [
                    "ID Vargas"
                ]
            },
            "value": {
                "es": [
                    "490808"
                ]
            }
        },
        {
            "label": {
                "en": [
                    "access_level"
                ]
            },
            "value": {
                "en": [
                    "consulta_sala",
                    "institucion_avm"
                ]
            }
        },
        {
            "label": {
                "es": [
                    "Autor"
                ]
            },
            "value": {
                "es": [
                    "Tom\u00e1s CUELLAR"
                ]
            }
        },
        {
            "label": {
                "en": [
                    "T\u00edtulo"
                ],
                "es": [
                    "T\u00edtulo"
                ]
            },
            "value": {
                "en": [
                    "Plano de la dehesa de Valdelomasa, pasto com\u00fan de Madrid y su tierra, sita del lugar de Fuencarral"
                ],
                "es": [
                    "Plano de la dehesa de Valdelomasa, pasto com\u00fan de Madrid y su tierra, sita del lugar de Fuencarral"
                ]
            }
        },
        {
            "label": {
                "es": [
                    "Fecha del registro"
                ]
            },
            "value": {
                "es": [
                    "2024-02-13"
                ]
            }
        },
        {
            "label": {
                "es": [
                    "Fecha de creaci\u00f3n Matiz"
                ]
            },
            "value": {
                "es": [
                    "S. XVIII"
                ]
            }
        },
        {
            "label": {
                "es": [
                    "Fecha de creaci\u00f3n inicial"
                ]
            },
            "value": {
                "es": [
                    "1769-01-01"
                ]
            }
        },
        {
            "label": {
                "es": [
                    "Lugar"
                ]
            },
            "value": {
                "es": [
                    "Madrid"
                ]
            }
        },
        {
            "label": {
                "es": [
                    "Descripci\u00f3n"
                ]
            },
            "value": {
                "es": [
                    "1 plano.\n98,80 x 63,20 cm\nEscala gr\u00e1fica de 500 baras."
                ]
            }
        },
        {
            "label": {
                "es": [
                    "Tipo de documento"
                ]
            },
            "value": {
                "es": [
                    "Planos"
                ]
            }
        },
        {
            "label": {
                "es": [
                    "Signatura"
                ]
            },
            "value": {
                "es": [
                    "14-20-1"
                ]
            }
        },
        {
            "label": {
                "es": [
                    "Comentarios (p\u00fablico)"
                ]
            },
            "value": {
                "es": [
                    "Texto situado en la parte inferior: Dise\u00f1o, Mapa y Pintura de la Dehesa de Baldelomasa, Pasto comun de Madrid, y su tierra, y sita en termino del Lugar de Fuencarral Pedaneo de su Jurisdicion Apeada por el Se\u00f1or Don Manuel Antonio Naranjo, Juez Subdelegado del Se\u00f1or Correxidor de la misma Villa, ante Manuel de Estevan y Repiso Escrivano de S.M. y de la Comision en el a\u00f1o de 1769, medida y deliniada por el Agrimensor Thomas de Cuellar = A Camino de Fuencarral a Colmenar bajo = B otro que baja a San Sevastian de los Reyes = C Camino de la Dehesa de Vi\u00f1uela =  D Casa del Otero = E otro Camino a Bi\u00f1uela = F tapia o cerca de la Dehesa de Vinuelas = Cave 4219 fanegas, y tres Celemines.\r\nN\u00ba 567 en rojo y n\u00ba 41 en negro"
                ]
            }
        },
        {
            "label": {
                "es": [
                    "Derechos"
                ]
            },
            "value": {
                "es": [
                    "http://creativecommons.org/licenses/by-nc/4.0/"
                ]
            }
        }
    ],
    "items": [
        {
            "id": "https://www.memoriademadrid.es/iiif/682403/canvas/p1",
            "type": "Canvas",
            "label": {
                "es": [
                    1
                ]
            },
            "width": 3840,
            "height": 2456,
            "thumbnail": [
                {
                    "id": "https://www.memoriademadrid.es/iiif/3/1214325/full/^500,/0/default.jpg",
                    "type": "Image",
                    "format": "image/jpeg",
                    "width": 500,
                    "height": 320,
                    "services": [
                        {
                            "id": "https://www.memoriademadrid.es/iiif/3/1214325",
                            "profile": "http://iiif.io/api/image/3/level1.json",
                            "@type": "http://iiif.io/api/image/3/context.json"
                        }
                    ]
                }
            ],
            "items": [
                {
                    "id": "https://www.memoriademadrid.es/iiif/3/1214325",
                    "type": "AnnotationPage",
                    "items": [
                        {
                            "id": "https://www.memoriademadrid.es/iiif/3/1214325",
                            "type": "Annotation",
                            "motivation": "painting",
                            "target": "https://www.memoriademadrid.es/iiif/3/1214325",
                            "body": {
                                "id": "https://www.memoriademadrid.es/iiif/3/1214325/full/^1000,/0/default.jpg",
                                "type": "Image",
                                "format": "image/jpeg",
                                "width": 3840,
                                "height": 2456,
                                "service": [
                                    {
                                        "id": "https://www.memoriademadrid.es/iiif/2/1214325",
                                        "profile": "http://iiif.io/api/image/2/level2.json",
                                        "type": "ImageService2"
                                    }
                                ]
                            }
                        }
                    ]
                }
            ]
        },
        {
            "id": "https://www.memoriademadrid.es/iiif/682403/canvas/p2",
            "type": "Canvas",
            "label": {
                "es": [
                    2
                ]
            },
            "width": 3840,
            "height": 2456,
            "thumbnail": [
                {
                    "id": "https://www.memoriademadrid.es/iiif/3/1214326/full/^500,/0/default.jpg",
                    "type": "Image",
                    "format": "image/jpeg",
                    "width": 500,
                    "height": 320,
                    "services": [
                        {
                            "id": "https://www.memoriademadrid.es/iiif/3/1214326",
                            "profile": "http://iiif.io/api/image/3/level1.json",
                            "@type": "http://iiif.io/api/image/3/context.json"
                        }
                    ]
                }
            ],
            "items": [
                {
                    "id": "https://www.memoriademadrid.es/iiif/3/1214326",
                    "type": "AnnotationPage",
                    "items": [
                        {
                            "id": "https://www.memoriademadrid.es/iiif/3/1214326",
                            "type": "Annotation",
                            "motivation": "painting",
                            "target": "https://www.memoriademadrid.es/iiif/3/1214326",
                            "body": {
                                "id": "https://www.memoriademadrid.es/iiif/3/1214326/full/^1000,/0/default.jpg",
                                "type": "Image",
                                "format": "image/jpeg",
                                "width": 3840,
                                "height": 2456,
                                "service": [
                                    {
                                        "id": "https://www.memoriademadrid.es/iiif/2/1214326",
                                        "profile": "http://iiif.io/api/image/2/level2.json",
                                        "type": "ImageService2"
                                    }
                                ]
                            }
                        }
                    ]
                }
            ]
        }
    ],
    "structures": []
}